{"id":6532,"date":"2020-02-29T13:48:00","date_gmt":"2020-02-29T17:48:00","guid":{"rendered":"https:\/\/test.noticel.com\/pop\/20200229\/ozuna-impresiona-en-vina-y-se-declara-apolitico\/"},"modified":"2025-07-20T11:33:07","modified_gmt":"2025-07-20T11:33:07","slug":"ozuna-impresiona-en-vina-y-se-declara-apolitico","status":"publish","type":"post","link":"https:\/\/noticel.com\/en\/mas\/otros\/20200229\/ozuna-impresiona-en-vina-y-se-declara-apolitico\/","title":{"rendered":"Ozuna impresiona en Vi\u00f1a y se declara apol\u00edtico"},"content":{"rendered":"<h3>Apoy\u00f3 las protestas pac\u00edficas en las calles<\/h3>\n<p>Ozuna es simp\u00e1tico, natural y tiene carisma. Y con todo eso y sus himnos \u00abreguetoneros\u00bb logr\u00f3 en la noche de este viernes subir hasta el infinito y m\u00e1s all\u00e1 el \u00e1nimo del p\u00fablico del Festival de Vi\u00f1a del Mar, en una noche, la \u00faltima de esta edici\u00f3n, en la que ped\u00eda a gritos pasarlo bien.<\/p>\n<p>Con est\u00e9tica espacial, de blanco impoluto, un enorme anillo, gafas de sol igualmente espaciales y su rubio aplatinado, Juan Carlos Ozuna sali\u00f3 al escenario de la Quinta Vergara de la ciudad chilena, para dar el pistoletazo de salida con \u00abTe vas\u00bb, tema de 2016.<\/p>\n<p>Ya sin la larga parca larga transparente que le hab\u00eda cubierto en su salida y tras el infaltable \u00ab\u00a1Buenas noches, Vi\u00f1a del mar!\u00bb, el puertorrique\u00f1o, que en unos d\u00edas cumplir\u00e1 28 a\u00f1os, fue desgranando, uno tras otro, m\u00e1s de una veintena de \u00e9xitos.<\/p>\n<p>\u00abGracias por este hermoso cari\u00f1o. gracias por siempre recibirme con los brazos abiertos, Chile\u00bb, dijo junto antes de interpretar \u00abSi tu marido no te quiere\u00bb, uno de sus primeros sencillos, publicado en 2014.<\/p>\n<p>El cantautor se adentr\u00f3 en el mundo de la m\u00fasica en 2012 subiendo interpretaciones suyas a internet y edit\u00f3 su primer \u00e1lbum, \u00abOdisea\u00bb, en 2017, aunque ya a\u00f1os antes ven\u00eda sacando sencillos y colaborando con artistas del g\u00e9nero.<\/p>\n<p>Unos comienzos que el tambi\u00e9n actor quiso recordar esta noche, como tambi\u00e9n la primera vez que visit\u00f3 a el pa\u00eds austral, con uno de sus m\u00e1s viejos temas, \u00abCoraz\u00f3n de seda\u00bb: \u00abChile es mi segunda casa. Me abri\u00f3 las puertas de sus hogares, corazones y siempre les estar\u00e9 agradecido\u00bb, remarc\u00f3.<\/p>\n<p>A \u00ab\u00danica\u00bb -\u00ab\u00fanica tiene la disco explot\u00e1&#8217; todo el mundo me la mira, pide conmigo na&#8217; m\u00e1'\u00bb- sigui\u00f3 \u00abTe robar\u00e9\u00bb, que lanz\u00f3 el a\u00f1o pasado junto al cantante estadounidense Nicky Jam.<\/p>\n<p>La puesta en escena de \u00abVaina loca\u00bb, con el que empez\u00f3 a quitarse las gafas y lanzar besos al p\u00fablico, sigui\u00f3 encendiendo el \u00e1nimo de los 15,000 espectadores de la Quinta Vergara, y se mantuvo el list\u00f3n con \u00abIbiza\u00bb, que en 2018 grab\u00f3 mano a mano con el dominicano Romeo Santos.<\/p>\n<p>Otro exitoso dueto -Ozuna es experto en popularizar una canci\u00f3n tras otra junto a otros artistas de m\u00fasica urbana- lleg\u00f3 con \u00abLa Modelo\u00bb, que en su d\u00eda grab\u00f3 con la rapera y actriz estadounidense Cardi B.<\/p><div class=\"notic-content-middle\" id=\"notic-3809992943\"><div class=\"notic-adlabel\">Advertisements<\/div><a data-no-instant=\"1\" href=\"https:\/\/www.asegurate-bien.com\/\" rel=\"noopener\" class=\"a2t-link\" target=\"_blank\" aria-label=\"Acodese-Adaptaciones-Noticel-300&#215;250\"><img loading=\"lazy\" decoding=\"async\" src=\"https:\/\/cdn.noticel.com\/2026\/05\/30094423\/Acodese-Adaptaciones-Noticel-300x250-1.jpg\" alt=\"\"  srcset=\"https:\/\/cdn.noticel.com\/2026\/05\/30094423\/Acodese-Adaptaciones-Noticel-300x250-1.jpg 300w, https:\/\/cdn.noticel.com\/2026\/05\/30094423\/Acodese-Adaptaciones-Noticel-300x250-1-14x12.jpg 14w\" sizes=\"(max-width: 300px) 100vw, 300px\" width=\"300\" height=\"250\"   \/><\/a><\/div>\n<p>Artista de la nueva generaci\u00f3n de m\u00fasica urbana, caracterizado por su voz aguda y con el reguet\u00f3n como g\u00e9nero principal, Ozuna lanz\u00f3 su segundo disco, \u00abAura\u00bb, en 2018 y el tercero, Nibiru, en 2019.<\/p>\n<p>\u00abChile&#8230; esta canci\u00f3n que viene a continuaci\u00f3n&#8230; s\u00e9 que muchos nos identificamos, porque&#8230; \u00bfqui\u00e9n en esta vida no ha sido un farsante?\u00bb, lanz\u00f3 en medio de la ovaci\u00f3n de sus seguidores, la mayor\u00eda j\u00f3venes.<\/p>\n<p>Cuando ya se iba respirando el final del &#8216;show&#8217;, el artista decidi\u00f3 hacer un discurso ante \u00abel monstruo\u00bb -como se conoce al p\u00fablico del festival- en el que se refiri\u00f3 al estallido de protestas sociales que vive Chile.<\/p>\n<p>\u00abNo conozco nada de pol\u00edtica ni me ha interesado saber de pol\u00edtica. Lo \u00fanico que yo s\u00e9 es que estoy con el pueblo, que me ha dado el amor y cari\u00f1o. No solamente Chile, en el mundo entero, a todos los presidentes&#8230; Necesitamos escuchar al pueblo. a la juventud, complacer esos deseos\u00bb, expres\u00f3.<\/p>\n<p>\u00abEstoy con ustedes, al igual que con Venezuela, Colombia, Puerto Rico y Rep\u00fablica Dominicana\u00bb, agreg\u00f3, convencido de que \u00abtodo se puede con la paz, con el amor y el dialogo\u00bb.<\/p>\n<p>Tras acabar el primer bloque de su espect\u00e1culo con \u00abCriminal\u00bb, uno de los mayores hits, que populariz\u00f3 con Natti Natasha, los presentadores del festival, Mar\u00eda Luisa Godoy y Mart\u00edn C\u00e1rcamo le hicieron entrega de la Gaviota de Plata, emblem\u00e1tica estatuilla con la que se reconoce a los artistas invitados.<\/p>\n<p>Con la emoci\u00f3n a flor de piel y con su galard\u00f3n en la mano, Ozuna volvi\u00f3 a cantar para entonar \u00abAmor Genuino\u00bb y despu\u00e9s \u00abBaila, baila, baila\u00bb y \u00abChina\u00bb.<\/p>\n<p>\u00ab\u00a1Gaviota!, \u00ab\u00a1Gaviota!\u00bb. El grito del p\u00fablico no dejaba lugar a dudas. Quer\u00edan que el puertorrique\u00f1o se llevara tambi\u00e9n la de oro. Como as\u00ed fue.<\/p>\n<p>Ya s\u00ed, con \u00abTe bot\u00e9\u00bb y \u00abTaki, taki\u00bb como \u00faltimo bis, la &#8216;Ozunaman\u00eda&#8217; lleg\u00f3 a su fin en la Quinta Vergara, que recuper\u00f3 el buen sabor de boca perdido la noche anterior con la fr\u00eda y poco entregada actuaci\u00f3n de los estadounidenses Maroon 5.<\/p>","protected":false},"excerpt":{"rendered":"<p>Apoy\u00f3 las protestas pac\u00edficas en las calles Ozuna es simp\u00e1tico, natural y tiene carisma. Y con todo eso y sus himnos \u00abreguetoneros\u00bb logr\u00f3 en la noche de este viernes subir hasta el infinito y m\u00e1s all\u00e1 el \u00e1nimo del p\u00fablico del Festival de Vi\u00f1a del Mar, en una noche, la \u00faltima de esta edici\u00f3n, en [&hellip;]<\/p>","protected":false},"author":0,"featured_media":537005,"comment_status":"closed","ping_status":"closed","sticky":false,"template":"","format":"standard","meta":{"_acf_changed":false,"_monsterinsights_skip_tracking":false,"ep_exclude_from_search":false,"footnotes":""},"categories":[83],"tags":[],"class_list":["post-6532","post","type-post","status-publish","format-standard","has-post-thumbnail","hentry","category-otros"],"acf":[],"aioseo_notices":[],"_links":{"self":[{"href":"https:\/\/noticel.com\/en\/wp-json\/wp\/v2\/posts\/6532","targetHints":{"allow":["GET"]}}],"collection":[{"href":"https:\/\/noticel.com\/en\/wp-json\/wp\/v2\/posts"}],"about":[{"href":"https:\/\/noticel.com\/en\/wp-json\/wp\/v2\/types\/post"}],"replies":[{"embeddable":true,"href":"https:\/\/noticel.com\/en\/wp-json\/wp\/v2\/comments?post=6532"}],"version-history":[{"count":1,"href":"https:\/\/noticel.com\/en\/wp-json\/wp\/v2\/posts\/6532\/revisions"}],"predecessor-version":[{"id":537006,"href":"https:\/\/noticel.com\/en\/wp-json\/wp\/v2\/posts\/6532\/revisions\/537006"}],"wp:featuredmedia":[{"embeddable":true,"href":"https:\/\/noticel.com\/en\/wp-json\/wp\/v2\/media\/537005"}],"wp:attachment":[{"href":"https:\/\/noticel.com\/en\/wp-json\/wp\/v2\/media?parent=6532"}],"wp:term":[{"taxonomy":"category","embeddable":true,"href":"https:\/\/noticel.com\/en\/wp-json\/wp\/v2\/categories?post=6532"},{"taxonomy":"post_tag","embeddable":true,"href":"https:\/\/noticel.com\/en\/wp-json\/wp\/v2\/tags?post=6532"}],"curies":[{"name":"wp","href":"https:\/\/api.w.org\/{rel}","templated":true}]}}