{"id":65212,"date":"2014-01-12T00:00:00","date_gmt":"2014-01-12T04:00:00","guid":{"rendered":"http:\/\/www.noticel.com\/la-calle\/20140112\/tiran-trago-a-policia-y-emiten-miles-en-multas-en-festival-de-la-novilla\/"},"modified":"2025-08-21T09:32:30","modified_gmt":"2025-08-21T09:32:30","slug":"tiran-trago-a-policia-y-emiten-miles-en-multas-en-festival-de-la-novilla","status":"publish","type":"post","link":"https:\/\/noticel.com\/en\/noticias\/la-calle\/20140112\/tiran-trago-a-policia-y-emiten-miles-en-multas-en-festival-de-la-novilla\/","title":{"rendered":"Tiran trago a polic\u00eda y emiten miles en multas en Festival de la Novilla"},"content":{"rendered":"<p>Un individuo le lanz\u00f3 con un trago a una mujer polic\u00eda en medio de una intervenci\u00f3n a eso de las 2:30 p.m. del domingo durante las actividades del Festival de la Novilla en San Sebasti\u00e1n, informaron las autoridades.<\/p>\n<p>De acuerdo con el parte policiaco, la agente perjudicada fue identificada como Zayra M\u00e1rquez, adscrita al Distrito de San Sebasti\u00e1n.<\/p>\n<p>Seg\u00fan datos suministrados a la oficina de prensa de la Polic\u00eda, la agente en uni\u00f3n a otros agentes, intervinieron con varias personas que caminaban sin camisas y con dibujos obscenos en el \u00e1rea de la espalda en la carretera PR-111.<\/p>\n<p>La Uniformada detall\u00f3 que Xavier Acevedo Jim\u00e9nez, de 21 a\u00f1os y vecino de ese pueblo, se le acerc\u00f3 a la agente, mientras otro de los j\u00f3venes, que no fue identificado, le incitaba dici\u00e9ndole: \u2018t\u00edrale, t\u00edrale con el trago&#8217;, a lo que \u00e9ste accedi\u00f3 y le lanz\u00f3 el trago a la polic\u00eda.<\/p>\n<p>El parte policiaco detalla que la sargento B\u00e1rbara Ortiz de ese distrito, se hizo a cargo de la investigaci\u00f3n.<\/p><div class=\"notic-content-middle\" id=\"notic-1218654648\"><div class=\"notic-adlabel\">Advertisements<\/div><a data-no-instant=\"1\" href=\"https:\/\/qrco.de\/bgxd5v\" rel=\"noopener\" class=\"a2t-link\" target=\"_blank\" aria-label=\"DisplayAds-970&#215;2502\"><img loading=\"lazy\" decoding=\"async\" src=\"https:\/\/cdn.noticel.com\/2026\/09\/02200838\/DisplayAds-970x2502-1.jpg\" alt=\"\"  srcset=\"https:\/\/cdn.noticel.com\/2026\/09\/02200838\/DisplayAds-970x2502-1.jpg 970w, https:\/\/cdn.noticel.com\/2026\/09\/02200838\/DisplayAds-970x2502-1-300x77.jpg 300w, https:\/\/cdn.noticel.com\/2026\/09\/02200838\/DisplayAds-970x2502-1-768x198.jpg 768w, https:\/\/cdn.noticel.com\/2026\/09\/02200838\/DisplayAds-970x2502-1-18x5.jpg 18w\" sizes=\"(max-width: 970px) 100vw, 970px\" width=\"970\" height=\"250\"   \/><\/a><\/div>\n<p>Por otro lado, empleados del Departamento de Hacienda, del Negociado de impuesto al consumo y agentes de Rentas Internas, intervinieron con 30 establecimientos en el Festival de la Novilla, llevado a cabo el domingo en San Sebasti\u00e1n, informaron las autoridades.<\/p>\n<p>El sargento Juan C. Gonz\u00e1lez Rivera, indic\u00f3 que a los comerciantes, se les expidieron 14 multas por no tener registros y no usar la m\u00e1quina de IVU Loto.<\/p>\n<p>Seg\u00fan las autoridades, las multas fluctuaron entre los $10,000 y $20,000.<\/p>\n<p>Adem\u00e1s, las autoridades informaron que se confiscaron bebidas alcoh\u00f3licas y se intervino con cuatro vendedores ambulantes por no tener permisos.<\/p>","protected":false},"excerpt":{"rendered":"<p>Un individuo le lanz\u00f3 con un trago a una mujer polic\u00eda en medio de una intervenci\u00f3n a eso de las 2:30 p.m. del domingo durante las actividades del Festival de la Novilla en San Sebasti\u00e1n, informaron las autoridades. De acuerdo con el parte policiaco, la agente perjudicada fue identificada como Zayra M\u00e1rquez, adscrita al Distrito [&hellip;]<\/p>","protected":false},"author":0,"featured_media":885328,"comment_status":"closed","ping_status":"closed","sticky":false,"template":"","format":"standard","meta":{"_acf_changed":false,"_monsterinsights_skip_tracking":false,"ep_exclude_from_search":false,"footnotes":""},"categories":[12],"tags":[],"class_list":["post-65212","post","type-post","status-publish","format-standard","has-post-thumbnail","hentry","category-la-calle"],"acf":[],"aioseo_notices":[],"_links":{"self":[{"href":"https:\/\/noticel.com\/en\/wp-json\/wp\/v2\/posts\/65212","targetHints":{"allow":["GET"]}}],"collection":[{"href":"https:\/\/noticel.com\/en\/wp-json\/wp\/v2\/posts"}],"about":[{"href":"https:\/\/noticel.com\/en\/wp-json\/wp\/v2\/types\/post"}],"replies":[{"embeddable":true,"href":"https:\/\/noticel.com\/en\/wp-json\/wp\/v2\/comments?post=65212"}],"version-history":[{"count":1,"href":"https:\/\/noticel.com\/en\/wp-json\/wp\/v2\/posts\/65212\/revisions"}],"predecessor-version":[{"id":885366,"href":"https:\/\/noticel.com\/en\/wp-json\/wp\/v2\/posts\/65212\/revisions\/885366"}],"wp:featuredmedia":[{"embeddable":true,"href":"https:\/\/noticel.com\/en\/wp-json\/wp\/v2\/media\/885328"}],"wp:attachment":[{"href":"https:\/\/noticel.com\/en\/wp-json\/wp\/v2\/media?parent=65212"}],"wp:term":[{"taxonomy":"category","embeddable":true,"href":"https:\/\/noticel.com\/en\/wp-json\/wp\/v2\/categories?post=65212"},{"taxonomy":"post_tag","embeddable":true,"href":"https:\/\/noticel.com\/en\/wp-json\/wp\/v2\/tags?post=65212"}],"curies":[{"name":"wp","href":"https:\/\/api.w.org\/{rel}","templated":true}]}}