{"id":64854,"date":"2013-09-10T00:00:00","date_gmt":"2013-09-10T04:00:00","guid":{"rendered":"http:\/\/www.noticel.com\/deportes\/economia\/20130910\/carrion-no-estamos-en-una-depresion-pero-hay-que-meterle-mano-a-los-pr\/"},"modified":"2025-08-22T17:17:13","modified_gmt":"2025-08-22T17:17:13","slug":"carrion-no-estamos-en-una-depresion-pero-hay-que-meterle-mano-a-los-pr","status":"publish","type":"post","link":"https:\/\/noticel.com\/en\/economia\/20130910\/carrion-no-estamos-en-una-depresion-pero-hay-que-meterle-mano-a-los-pr\/","title":{"rendered":"Carri\u00f3n: no estamos en una &#8216;depresi\u00f3n&#8217;, pero &#8216;hay que meterle mano a los pr"},"content":{"rendered":"<p>Richard Richard Carri\u00f3n, banquero de profesi\u00f3n y candidato a la presidencia del organismo deportivo m\u00e1s importante del mundo, no cree que Puerto Rico se encuentre en una depresi\u00f3n econ\u00f3mica, aunque advirti\u00f3 que &#8216;lleg\u00f3 el momento de atender cosas a las que antes no se le hab\u00edan hecho caso&#8217;.<\/p>\n<p>&#8216;Yo veo que tenemos unos problemas a los que hay que meterle mano, y lament\u00e1ndonos sobre las cosas no vamos a lograrlos&#8217;, dijo Carri\u00f3n durante una breve conversaci\u00f3n con NotiCel en algunos d\u00edas.<\/p>\n<p>Carri\u00f3n se encuentra en la recta final de la carrera por la silla presidencial del Comit\u00e9 Ol\u00edmpico Internacional (COI), gesta que, de lograr este martes, ser\u00eda hist\u00f3rica para Puerto Rico, pues, despu\u00e9s de todo, estamos hablando de un pa\u00eds cuya soberan\u00eda solamente es reconocida internacionalmente de forma oficial en este importante organismo deportivo.<\/p>\n<p>Y a pesar de que est\u00e1 de lleno en conseguir la presidencia del COI en las elecciones del 13 de septiembre, en Buenos Aires, Carri\u00f3n dej\u00f3 claro que &#8216;todo lo que estoy haciendo, lo hago con Puerto Rico en mente&#8217;.<\/p>\n<p>Despu\u00e9s de todo, las cosas en Borinquen no andan muy bien, econ\u00f3micamente hablando, al punto en que diarios econ\u00f3micos le dedican sus portadas a los bonos chatarras de este territorio caribe\u00f1o.<\/p><div class=\"notic-content-middle\" id=\"notic-3302817294\"><div class=\"notic-adlabel\">Advertisements<\/div><a data-no-instant=\"1\" href=\"https:\/\/www.asegurate-bien.com\/\" rel=\"noopener\" class=\"a2t-link\" target=\"_blank\" aria-label=\"Acodese-Adaptaciones-Noticel-970&#215;250\"><img loading=\"lazy\" decoding=\"async\" src=\"https:\/\/cdn.noticel.com\/2026\/05\/30100504\/Acodese-Adaptaciones-Noticel-970x250-1.jpg\" alt=\"\"  srcset=\"https:\/\/cdn.noticel.com\/2026\/05\/30100504\/Acodese-Adaptaciones-Noticel-970x250-1.jpg 970w, https:\/\/cdn.noticel.com\/2026\/05\/30100504\/Acodese-Adaptaciones-Noticel-970x250-1-300x77.jpg 300w, https:\/\/cdn.noticel.com\/2026\/05\/30100504\/Acodese-Adaptaciones-Noticel-970x250-1-768x198.jpg 768w, https:\/\/cdn.noticel.com\/2026\/05\/30100504\/Acodese-Adaptaciones-Noticel-970x250-1-18x5.jpg 18w\" sizes=\"(max-width: 970px) 100vw, 970px\" width=\"970\" height=\"250\"   \/><\/a><\/div>\n<p>Estamos en una depresi\u00f3n econ\u00f3mica?, le pregunt\u00f3 NotiCel a Carri\u00f3n.<\/p>\n<p>&#8216;Yo no dir\u00eda que es una depresi\u00f3n&#8217;, respondi\u00f3 Carri\u00f3n. &#8216;Es una situaci\u00f3n econ\u00f3mica que es el resultado de muchos a\u00f1os sin prestarle atenci\u00f3n a los problemas. Cada d\u00eda se acumulan m\u00e1s problemas y ahora lleg\u00f3 la hora de meterle mano. Hay gente en condiciones much\u00edsimo peor que nosotros. No tengo duda de que, si le metemos mano de frente a los problemas, vamos a salir adelante&#8217;, dijo.<\/p>\n<p>&#8216;Yo tengo mucha fe y mucha esperanza en Puerto Rico. Todo lo que hago, lo hago pensando en Puerto Rico. Tenemos muchas cosas a nuestro favor, pero lament\u00e1ndonos sobre las cosas no vamos a lograr nada. Hay que coger los problemas y resolverlos&#8217;, puntualiz\u00f3.<\/p>\n<p>Vea tambi\u00e9n<\/p>\n<p><a href=\"https:\/\/noticel.com\/en\/noticia\/147791\/richard-carrion-uno-de-los-dos-favoritos-para-presidir-el-coi.html\/\">Richard Carri\u00f3n, uno de los dos favoritos para presidir el COI<\/a><\/p>","protected":false},"excerpt":{"rendered":"<p>Richard Richard Carri\u00f3n, banquero de profesi\u00f3n y candidato a la presidencia del organismo deportivo m\u00e1s importante del mundo, no cree que Puerto Rico se encuentre en una depresi\u00f3n econ\u00f3mica, aunque advirti\u00f3 que &#8216;lleg\u00f3 el momento de atender cosas a las que antes no se le hab\u00edan hecho caso&#8217;. &#8216;Yo veo que tenemos unos problemas a [&hellip;]<\/p>","protected":false},"author":0,"featured_media":892837,"comment_status":"closed","ping_status":"closed","sticky":false,"template":"","format":"standard","meta":{"_acf_changed":false,"_monsterinsights_skip_tracking":false,"ep_exclude_from_search":false,"footnotes":""},"categories":[31,22],"tags":[],"class_list":["post-64854","post","type-post","status-publish","format-standard","has-post-thumbnail","hentry","category-deportes","category-economia"],"acf":[],"aioseo_notices":[],"_links":{"self":[{"href":"https:\/\/noticel.com\/en\/wp-json\/wp\/v2\/posts\/64854","targetHints":{"allow":["GET"]}}],"collection":[{"href":"https:\/\/noticel.com\/en\/wp-json\/wp\/v2\/posts"}],"about":[{"href":"https:\/\/noticel.com\/en\/wp-json\/wp\/v2\/types\/post"}],"replies":[{"embeddable":true,"href":"https:\/\/noticel.com\/en\/wp-json\/wp\/v2\/comments?post=64854"}],"version-history":[{"count":1,"href":"https:\/\/noticel.com\/en\/wp-json\/wp\/v2\/posts\/64854\/revisions"}],"predecessor-version":[{"id":892879,"href":"https:\/\/noticel.com\/en\/wp-json\/wp\/v2\/posts\/64854\/revisions\/892879"}],"wp:featuredmedia":[{"embeddable":true,"href":"https:\/\/noticel.com\/en\/wp-json\/wp\/v2\/media\/892837"}],"wp:attachment":[{"href":"https:\/\/noticel.com\/en\/wp-json\/wp\/v2\/media?parent=64854"}],"wp:term":[{"taxonomy":"category","embeddable":true,"href":"https:\/\/noticel.com\/en\/wp-json\/wp\/v2\/categories?post=64854"},{"taxonomy":"post_tag","embeddable":true,"href":"https:\/\/noticel.com\/en\/wp-json\/wp\/v2\/tags?post=64854"}],"curies":[{"name":"wp","href":"https:\/\/api.w.org\/{rel}","templated":true}]}}