{"id":6437,"date":"2019-12-20T00:00:00","date_gmt":"2019-12-20T04:00:00","guid":{"rendered":"https:\/\/test.noticel.com\/ahora\/top-stories\/tribunales\/20191220\/falla-el-ultimo-aletazo-de-los-galleros\/"},"modified":"2025-07-20T21:00:37","modified_gmt":"2025-07-20T21:00:37","slug":"falla-el-ultimo-aletazo-de-los-galleros","status":"publish","type":"post","link":"https:\/\/noticel.com\/en\/ultima-hora\/20191220\/falla-el-ultimo-aletazo-de-los-galleros\/","title":{"rendered":"Falla el \u00faltimo aletazo de los galleros"},"content":{"rendered":"<p><i>Boston deniega paralizaci\u00f3n de la ley federal<\/i><\/p>\n<p>El Tribunal Apelativo de Boston deneg\u00f3 la petici\u00f3n levantada por los galleros en ese circuito para paralizar la aplicaci\u00f3n de la ley federal que prohibir\u00eda las peleas de gallos en la isla.<\/p>\n<p>Solo un juez fue disidente en la decisi\u00f3n, el puertorrique\u00f1o Juan R. Torruella, quien argumento que al Puerto Rico no participar de la legislaci\u00f3n del &#8216;Animal Welfare Act&#8217; se le deb\u00eda conceder una oportunidad de expresarse.<\/p>\n<p>&#8216;Nada se pierde al paralizar este asunto hasta tanto la Corte escuche el reclamo. Esta es una ley que ha sido aprobada sin participaci\u00f3n de los puertorrique\u00f1os en su redacci\u00f3n y que concierne asuntos de una larga tradici\u00f3n en la historia local. Lo menos que se puede hacer es paralizar su aplicaci\u00f3n hasta escucharlos&#8217;, lee la disidencia de Torruella.<\/p><div class=\"notic-content-middle\" id=\"notic-1590548970\"><div class=\"notic-adlabel\">Advertisements<\/div><a data-no-instant=\"1\" href=\"https:\/\/www.asegurate-bien.com\/\" rel=\"noopener\" class=\"a2t-link\" target=\"_blank\" aria-label=\"Acodese-Adaptaciones-Noticel-300&#215;250\"><img loading=\"lazy\" decoding=\"async\" src=\"https:\/\/cdn.noticel.com\/2026\/05\/30094423\/Acodese-Adaptaciones-Noticel-300x250-1.jpg\" alt=\"\"  srcset=\"https:\/\/cdn.noticel.com\/2026\/05\/30094423\/Acodese-Adaptaciones-Noticel-300x250-1.jpg 300w, https:\/\/cdn.noticel.com\/2026\/05\/30094423\/Acodese-Adaptaciones-Noticel-300x250-1-14x12.jpg 14w\" sizes=\"(max-width: 300px) 100vw, 300px\" width=\"300\" height=\"250\"   \/><\/a><\/div>\n<p>Las peleas de gallo en Puerto Rico quedar\u00e1n prohibidas en la isla a partir del s\u00e1bado 21 de diciembre de este a\u00f1o, cuando la ley federal del &#8216;Animal Welfare Act&#8217; entre en vigor tras ser aprobada el pasado 20 de diciembre de 2018.<\/p>\n<p>Las personas que lleven a cabo competencias de esa \u00edndole se ver\u00e1n expuestos a unos 5 a\u00f1os de c\u00e1rcel federal, mientras que aquellas personas que participen como espectadores podr\u00edan enfrentar hasta 1 a\u00f1o.<\/p>\n<p>Aunque la gobernadora Wanda V\u00e1zquez Garced firm\u00f3 una medida esta semana que viabilizar\u00eda las peleas de gallo a nivel estatal, las leyes federales rigen por encima de aquellas legisladas en Puerto Rico y hasta de su misma Constituci\u00f3n y no defender\u00edan a los galleros de la isla de una intervenci\u00f3n por autoridades federales.<\/p>","protected":false},"excerpt":{"rendered":"<p>Boston deniega paralizaci\u00f3n de la ley federal El Tribunal Apelativo de Boston deneg\u00f3 la petici\u00f3n levantada por los galleros en ese circuito para paralizar la aplicaci\u00f3n de la ley federal que prohibir\u00eda las peleas de gallos en la isla. Solo un juez fue disidente en la decisi\u00f3n, el puertorrique\u00f1o Juan R. Torruella, quien argumento que [&hellip;]<\/p>","protected":false},"author":0,"featured_media":541019,"comment_status":"closed","ping_status":"closed","sticky":false,"template":"","format":"standard","meta":{"_acf_changed":false,"_monsterinsights_skip_tracking":false,"ep_exclude_from_search":false,"footnotes":""},"categories":[13,2],"tags":[],"class_list":["post-6437","post","type-post","status-publish","format-standard","has-post-thumbnail","hentry","category-tribunales","category-ultima-hora"],"acf":[],"aioseo_notices":[],"_links":{"self":[{"href":"https:\/\/noticel.com\/en\/wp-json\/wp\/v2\/posts\/6437","targetHints":{"allow":["GET"]}}],"collection":[{"href":"https:\/\/noticel.com\/en\/wp-json\/wp\/v2\/posts"}],"about":[{"href":"https:\/\/noticel.com\/en\/wp-json\/wp\/v2\/types\/post"}],"replies":[{"embeddable":true,"href":"https:\/\/noticel.com\/en\/wp-json\/wp\/v2\/comments?post=6437"}],"version-history":[{"count":1,"href":"https:\/\/noticel.com\/en\/wp-json\/wp\/v2\/posts\/6437\/revisions"}],"predecessor-version":[{"id":541020,"href":"https:\/\/noticel.com\/en\/wp-json\/wp\/v2\/posts\/6437\/revisions\/541020"}],"wp:featuredmedia":[{"embeddable":true,"href":"https:\/\/noticel.com\/en\/wp-json\/wp\/v2\/media\/541019"}],"wp:attachment":[{"href":"https:\/\/noticel.com\/en\/wp-json\/wp\/v2\/media?parent=6437"}],"wp:term":[{"taxonomy":"category","embeddable":true,"href":"https:\/\/noticel.com\/en\/wp-json\/wp\/v2\/categories?post=6437"},{"taxonomy":"post_tag","embeddable":true,"href":"https:\/\/noticel.com\/en\/wp-json\/wp\/v2\/tags?post=6437"}],"curies":[{"name":"wp","href":"https:\/\/api.w.org\/{rel}","templated":true}]}}