{"id":6426,"date":"2020-01-02T00:00:00","date_gmt":"2020-01-02T04:00:00","guid":{"rendered":"https:\/\/test.noticel.com\/la-calle\/transito\/20200102\/fluye-el-transito-sin-congestiones-mayores\/"},"modified":"2025-07-20T19:44:07","modified_gmt":"2025-07-20T19:44:07","slug":"fluye-el-transito-sin-congestiones-mayores","status":"publish","type":"post","link":"https:\/\/noticel.com\/en\/noticias\/la-calle\/20200102\/fluye-el-transito-sin-congestiones-mayores\/","title":{"rendered":"Fluye el tr\u00e1nsito sin congestiones mayores"},"content":{"rendered":"<p><i>Informe del tr\u00e1nsito<\/i><\/p>\n<p>No se reportan accidentes de tr\u00e1nsito en las principales v\u00edas del Pa\u00eds, pero la Polic\u00eda advirti\u00f3 sobre neblina en la zona central de la Isla.<\/p>\n<p>Otras condiciones del tr\u00e1nsito las reporta CyberNews:<\/p>\n<p>Semi pesado en Exp. Baldorioty De Castro, en direcci\u00f3n de Carolina a San Juan\u2026 Bastante tr\u00e1nsito en Exp. De Diego, en direcci\u00f3n de Toa Baja a San Juan\u2026 Sin novedad en Carr #1, en direcci\u00f3n de Caguas a Rio Piedras\u2026 Aumenta en Carr #30, entre Gurabo y Caguas\u2026 Sin novedad en Carr #2, Carr #165, Carr #167 en Bayam\u00f3n\u2026 Normal en Exp. Las Am\u00e9ricas, en direcci\u00f3n de Caguas a San Juan\u2026 Sin novedad en Autopista Luis A Ferr\u00e9, \u00e1rea de Caguas, en direcci\u00f3n a San Juan\u2026<\/p>\n<p>Sin novedad en Carr #199,entre Cupey y Guaynabo\u2026 Normal en Carr #181, entre Trujillo Alto y Rio Piedras, pero se reporta que en la intersecci\u00f3n con la PR-3 los sem\u00e1foros est\u00e1n da\u00f1ados.<\/p>\n<p>Normal en Ramal 8, en direcci\u00f3n de Carolina a Rio Piedras\u2026 Sin novedad en Ruta 66, entre Can\u00f3vanas y Carolina\u2026<\/p>","protected":false},"excerpt":{"rendered":"<p>Informe del tr\u00e1nsito No se reportan accidentes de tr\u00e1nsito en las principales v\u00edas del Pa\u00eds, pero la Polic\u00eda advirti\u00f3 sobre neblina en la zona central de la Isla. Otras condiciones del tr\u00e1nsito las reporta CyberNews: Semi pesado en Exp. Baldorioty De Castro, en direcci\u00f3n de Carolina a San Juan\u2026 Bastante tr\u00e1nsito en Exp. De Diego, [&hellip;]<\/p>","protected":false},"author":0,"featured_media":540498,"comment_status":"closed","ping_status":"closed","sticky":false,"template":"","format":"standard","meta":{"_acf_changed":false,"_monsterinsights_skip_tracking":false,"ep_exclude_from_search":false,"footnotes":""},"categories":[12],"tags":[],"class_list":["post-6426","post","type-post","status-publish","format-standard","has-post-thumbnail","hentry","category-la-calle"],"acf":[],"aioseo_notices":[],"_links":{"self":[{"href":"https:\/\/noticel.com\/en\/wp-json\/wp\/v2\/posts\/6426","targetHints":{"allow":["GET"]}}],"collection":[{"href":"https:\/\/noticel.com\/en\/wp-json\/wp\/v2\/posts"}],"about":[{"href":"https:\/\/noticel.com\/en\/wp-json\/wp\/v2\/types\/post"}],"replies":[{"embeddable":true,"href":"https:\/\/noticel.com\/en\/wp-json\/wp\/v2\/comments?post=6426"}],"version-history":[{"count":1,"href":"https:\/\/noticel.com\/en\/wp-json\/wp\/v2\/posts\/6426\/revisions"}],"predecessor-version":[{"id":540499,"href":"https:\/\/noticel.com\/en\/wp-json\/wp\/v2\/posts\/6426\/revisions\/540499"}],"wp:featuredmedia":[{"embeddable":true,"href":"https:\/\/noticel.com\/en\/wp-json\/wp\/v2\/media\/540498"}],"wp:attachment":[{"href":"https:\/\/noticel.com\/en\/wp-json\/wp\/v2\/media?parent=6426"}],"wp:term":[{"taxonomy":"category","embeddable":true,"href":"https:\/\/noticel.com\/en\/wp-json\/wp\/v2\/categories?post=6426"},{"taxonomy":"post_tag","embeddable":true,"href":"https:\/\/noticel.com\/en\/wp-json\/wp\/v2\/tags?post=6426"}],"curies":[{"name":"wp","href":"https:\/\/api.w.org\/{rel}","templated":true}]}}