{"id":63829,"date":"2011-06-20T00:00:00","date_gmt":"2011-06-20T04:00:00","guid":{"rendered":"http:\/\/www.noticel.com\/ahora\/20110620\/ojo-federal-sobre-fusion-de-procuradurias\/"},"modified":"2025-08-29T08:29:19","modified_gmt":"2025-08-29T08:29:19","slug":"ojo-federal-sobre-fusion-de-procuradurias","status":"publish","type":"post","link":"https:\/\/noticel.com\/en\/ultima-hora\/20110620\/ojo-federal-sobre-fusion-de-procuradurias\/","title":{"rendered":"Ojo federal sobre fusi\u00f3n de procuradur\u00edas"},"content":{"rendered":"<p>Desde el comienzo de la presente administraci\u00f3n, m\u00faltiples sectores levantaron reservas sobre la fusi\u00f3n de cuatro de las procuradur\u00edas que brindan servicios espec\u00edficos a la ciudadan\u00eda. Y ahora el gobierno federal eval\u00faa el proyecto que s\u00f3lo espera por la firma del gobernador Luis Fortu\u00f1o para convertirse en ley, confirm\u00f3 a NotiCel la procuradora de las Personas de Edad Avanzada, Rossana L\u00f3pez.<\/p>\n<p>&#8216;Una vez ellos aprobaron el lunes la fusi\u00f3n de las procuradur\u00edas sin el aval del gobierno federal, nosotros nos comunicamos con el Departamento de Salud de los Estados Unidos&#8217;, dijo L\u00f3pez sobre el Proyecto Sustitutivo del Plan de Reorganizaci\u00f3n #1, aprobado mediante el Comit\u00e9 de Conferencia de C\u00e1mara y Senado.<\/p>\n<p>La medida persigue unir las procuradur\u00edas de Personas de Edad Avanzada, de Veteranos, del Paciente y de Personas con Impedimentos F\u00edsicos, pero L\u00f3pez denunci\u00f3 que la de los ancianos ser\u00eda la m\u00e1s afectada porque corre el riesgo de quedarse sin capital y desaparecer.<\/p>\n<p>&#8216;Se estar\u00eda creando otra Procurador\u00eda, una nueva estructura para las cuatro existentes que no contempla el uso de fondos federales&#8217;, detall\u00f3.<\/p><div class=\"notic-content-middle\" id=\"notic-491295379\"><div class=\"notic-adlabel\">Advertisements<\/div><a data-no-instant=\"1\" href=\"https:\/\/www.asegurate-bien.com\/\" rel=\"noopener\" class=\"a2t-link\" target=\"_blank\" aria-label=\"Acodese-Adaptaciones-Noticel-300&#215;600\"><img loading=\"lazy\" decoding=\"async\" src=\"https:\/\/cdn.noticel.com\/2026\/05\/30094652\/Acodese-Adaptaciones-Noticel-300x600-1.jpg\" alt=\"\"  srcset=\"https:\/\/cdn.noticel.com\/2026\/05\/30094652\/Acodese-Adaptaciones-Noticel-300x600-1.jpg 300w, https:\/\/cdn.noticel.com\/2026\/05\/30094652\/Acodese-Adaptaciones-Noticel-300x600-1-150x300.jpg 150w, https:\/\/cdn.noticel.com\/2026\/05\/30094652\/Acodese-Adaptaciones-Noticel-300x600-1-6x12.jpg 6w\" sizes=\"(max-width: 300px) 100vw, 300px\" width=\"300\" height=\"600\"   \/><\/a><\/div>\n<p>La portavoz de la poblaci\u00f3n envejeciente record\u00f3 que el 90% de los $26 millones que recibe su oficina son fondos federales. El resto, los parea el gobierno puertorrique\u00f1o. Es por ello que existe una especie de contrato con el Departamento de Salud federal para el manejo del dinero.<\/p>\n<p>&#8216;Desde el inicio de este proyecto de ley se le hab\u00eda indicado que ten\u00eda que pasar por el aval del gobierno federal. Tanto el Ejecutivo como el Legislativo estaban haciendo caso omiso&#8217;, manifest\u00f3.<\/p>\n<p>Seg\u00fan L\u00f3pez, la agencia estadounidense le hab\u00eda informado que el mi\u00e9rcoles se estar\u00eda comunicando con el gobierno local para evaluar c\u00f3mo se est\u00e1n manejando los fondos federales.<\/p>\n<p>Por otro lado, adelant\u00f3 que fue citada el pr\u00f3ximo martes a una vista judicial relacionada con el mandamus que someti\u00f3 solicitando al Gobierno que desista de su intenci\u00f3n de unir las procuradur\u00edas.<\/p>","protected":false},"excerpt":{"rendered":"<p>Desde el comienzo de la presente administraci\u00f3n, m\u00faltiples sectores levantaron reservas sobre la fusi\u00f3n de cuatro de las procuradur\u00edas que brindan servicios espec\u00edficos a la ciudadan\u00eda. Y ahora el gobierno federal eval\u00faa el proyecto que s\u00f3lo espera por la firma del gobernador Luis Fortu\u00f1o para convertirse en ley, confirm\u00f3 a NotiCel la procuradora de las [&hellip;]<\/p>","protected":false},"author":0,"featured_media":933737,"comment_status":"closed","ping_status":"closed","sticky":false,"template":"","format":"standard","meta":{"_acf_changed":false,"_monsterinsights_skip_tracking":false,"ep_exclude_from_search":false,"footnotes":""},"categories":[2],"tags":[],"class_list":["post-63829","post","type-post","status-publish","format-standard","has-post-thumbnail","hentry","category-ultima-hora"],"acf":[],"aioseo_notices":[],"_links":{"self":[{"href":"https:\/\/noticel.com\/en\/wp-json\/wp\/v2\/posts\/63829","targetHints":{"allow":["GET"]}}],"collection":[{"href":"https:\/\/noticel.com\/en\/wp-json\/wp\/v2\/posts"}],"about":[{"href":"https:\/\/noticel.com\/en\/wp-json\/wp\/v2\/types\/post"}],"replies":[{"embeddable":true,"href":"https:\/\/noticel.com\/en\/wp-json\/wp\/v2\/comments?post=63829"}],"version-history":[{"count":1,"href":"https:\/\/noticel.com\/en\/wp-json\/wp\/v2\/posts\/63829\/revisions"}],"predecessor-version":[{"id":933743,"href":"https:\/\/noticel.com\/en\/wp-json\/wp\/v2\/posts\/63829\/revisions\/933743"}],"wp:featuredmedia":[{"embeddable":true,"href":"https:\/\/noticel.com\/en\/wp-json\/wp\/v2\/media\/933737"}],"wp:attachment":[{"href":"https:\/\/noticel.com\/en\/wp-json\/wp\/v2\/media?parent=63829"}],"wp:term":[{"taxonomy":"category","embeddable":true,"href":"https:\/\/noticel.com\/en\/wp-json\/wp\/v2\/categories?post=63829"},{"taxonomy":"post_tag","embeddable":true,"href":"https:\/\/noticel.com\/en\/wp-json\/wp\/v2\/tags?post=63829"}],"curies":[{"name":"wp","href":"https:\/\/api.w.org\/{rel}","templated":true}]}}