{"id":63822,"date":"2013-07-03T00:00:00","date_gmt":"2013-07-03T04:00:00","guid":{"rendered":"http:\/\/www.noticel.com\/la-calle\/20130703\/bloqueos-en-las-carreteras-este-fin-de-semana-largo\/"},"modified":"2025-08-23T15:07:48","modified_gmt":"2025-08-23T15:07:48","slug":"bloqueos-en-las-carreteras-este-fin-de-semana-largo","status":"publish","type":"post","link":"https:\/\/noticel.com\/en\/noticias\/la-calle\/20130703\/bloqueos-en-las-carreteras-este-fin-de-semana-largo\/","title":{"rendered":"Bloqueos en las carreteras este fin de semana largo"},"content":{"rendered":"<p>El superintendente de la Polic\u00eda, Hector M. Pesquera anunci\u00f3 el miercoles un plan de bloqueos de carreteras a llevarse a cabo en todas las regiones policiacas este fin de semana desde el jueves con motivo de la celebraci\u00f3n del 4 de julio, D\u00eda de la Independencia de los Estados Unidos.<\/p>\n<p>&#8216;Comenzando ma\u00f1ana 4 de julio hasta el domingo 7, nuestro personal en todas las regiones policiacas estar\u00e1 llevando a cabo una serie de bloqueos de carreteras que cubrir\u00e1n toda la isla, respondiendo a las necesidades de prevenci\u00f3n de delitos y accidentes en nuestras carreteras&#8217;, inform\u00f3 el superintendente en un comunicado.<\/p>\n<p>Pesquera se mostr\u00f3 interesado en los resultados que se han obtenido de los bloqueos realizados anteriormente en los que se han recuperado veh\u00edculos hurtados, se han evitado accidentes, se ha procedido con el arresto de conductores bajo el efecto de bebidas embriagantes y en donde tambi\u00e9n se han arrestado pr\u00f3fugos de la justicia con los cuales se ha intervenido por la Ley 22 de tr\u00e1nsito.<\/p>\n<p>Adem\u00e1s por tratarse de un fin de semana largo, encuentra necesario reforzar la vigilancia en las carreteras y las zonas playeras.<\/p>\n<p>&#8216;Esta medida es parte de varios planes que estamos realizando con el fin de lograr la tranquilidad que merecen todas las familias puertorrique\u00f1as en la celebraci\u00f3n de este d\u00eda festivo, por lo cual recomendamos a todos los conductores a conducir bajo los par\u00e1metros de la ley ya que no toleraremos conductas il\u00edcitas que afecten el bienestar y la seguridad de toda la ciudadan\u00eda&#8217;, puntualiz\u00f3 el jefe policial.<\/p>","protected":false},"excerpt":{"rendered":"<p>El superintendente de la Polic\u00eda, Hector M. Pesquera anunci\u00f3 el miercoles un plan de bloqueos de carreteras a llevarse a cabo en todas las regiones policiacas este fin de semana desde el jueves con motivo de la celebraci\u00f3n del 4 de julio, D\u00eda de la Independencia de los Estados Unidos. &#8216;Comenzando ma\u00f1ana 4 de julio [&hellip;]<\/p>","protected":false},"author":0,"featured_media":899223,"comment_status":"closed","ping_status":"closed","sticky":false,"template":"","format":"standard","meta":{"_acf_changed":false,"_monsterinsights_skip_tracking":false,"ep_exclude_from_search":false,"footnotes":""},"categories":[12],"tags":[],"class_list":["post-63822","post","type-post","status-publish","format-standard","has-post-thumbnail","hentry","category-la-calle"],"acf":[],"aioseo_notices":[],"_links":{"self":[{"href":"https:\/\/noticel.com\/en\/wp-json\/wp\/v2\/posts\/63822","targetHints":{"allow":["GET"]}}],"collection":[{"href":"https:\/\/noticel.com\/en\/wp-json\/wp\/v2\/posts"}],"about":[{"href":"https:\/\/noticel.com\/en\/wp-json\/wp\/v2\/types\/post"}],"replies":[{"embeddable":true,"href":"https:\/\/noticel.com\/en\/wp-json\/wp\/v2\/comments?post=63822"}],"version-history":[{"count":1,"href":"https:\/\/noticel.com\/en\/wp-json\/wp\/v2\/posts\/63822\/revisions"}],"predecessor-version":[{"id":899226,"href":"https:\/\/noticel.com\/en\/wp-json\/wp\/v2\/posts\/63822\/revisions\/899226"}],"wp:featuredmedia":[{"embeddable":true,"href":"https:\/\/noticel.com\/en\/wp-json\/wp\/v2\/media\/899223"}],"wp:attachment":[{"href":"https:\/\/noticel.com\/en\/wp-json\/wp\/v2\/media?parent=63822"}],"wp:term":[{"taxonomy":"category","embeddable":true,"href":"https:\/\/noticel.com\/en\/wp-json\/wp\/v2\/categories?post=63822"},{"taxonomy":"post_tag","embeddable":true,"href":"https:\/\/noticel.com\/en\/wp-json\/wp\/v2\/tags?post=63822"}],"curies":[{"name":"wp","href":"https:\/\/api.w.org\/{rel}","templated":true}]}}