{"id":63802,"date":"2011-08-13T00:00:00","date_gmt":"2011-08-13T04:00:00","guid":{"rendered":"http:\/\/www.noticel.com\/deportes\/20110813\/claves-las-reservas-en-las-atleticas\/"},"modified":"2025-08-28T16:15:29","modified_gmt":"2025-08-28T16:15:29","slug":"claves-las-reservas-en-las-atleticas","status":"publish","type":"post","link":"https:\/\/noticel.com\/en\/deportes\/20110813\/claves-las-reservas-en-las-atleticas\/","title":{"rendered":"Claves las reservas en las Atl\u00e9ticas"},"content":{"rendered":"<p>La edici\u00f3n 2011 de las Atl\u00e9ticas de San Germ\u00e1n presenta un excelente cuadro regular y unas destacadas reservas, que esperan ser la clave para alcanzar la serie final del Baloncesto Superior Nacional Femenino (BSNF).<\/p>\n<p>San Germ\u00e1n realiz\u00f3 la presentaci\u00f3n de su plantilla anoche en el Centro de Convenciones Santiago R. Palmer de la ciudad de las Lomas.<\/p>\n<p>Las Atl\u00e9ticas han reforzado su banco y tienen un equipo d\u00f3nde sus refuerzos son vers\u00e1tiles.<\/p>\n<p>&#8216;Es la mejor edici\u00f3n de las cuatro versiones. Hemos realizado una serie de adquisiciones desde el a\u00f1o pasado para ac\u00e1, pasando de un equipo participante, a un equipo competitivo, lo demostramos el pasado a\u00f1o, cuando llegamos a semifinales. Reforzamos el banco, tenemos buena rotaci\u00f3n. Las refuerzos pueden jugar desde las posiciones tres a la cinco, y son bien atl\u00e9ticas&#8217;, explic\u00f3 el apoderado de las Atl\u00e9ticas, el Dr. Juan Garc\u00eda, en una comparaci\u00f3n con las tres pasadas ediciones cuando eran las Turistas de Cabo Rojo.<\/p>\n<p>Las refuerzos de San Germ\u00e1n son Simone Jelks y Candyce Bingham.<\/p>\n<p>Entre las transacciones que reforzaron el equipo en las \u00faltimas semanas, se encuentra la llegada de Karen Col\u00f3n y Ana Barrientos, que se unen a Aixanell Santos y Zacha Gonz\u00e1lez.<\/p>\n<p>Barrientos lleg\u00f3 a San Germ\u00e1n por el segundo turno de la pr\u00f3xima temporada.<\/p><div class=\"notic-content-middle\" id=\"notic-3832034989\"><div class=\"notic-adlabel\">Advertisements<\/div><a data-no-instant=\"1\" href=\"http:\/\/jackpotdelencantopr.com\" rel=\"noopener\" class=\"a2t-link\" target=\"_blank\" aria-label=\"JP-Monopoly-Launch-Noticel-320&#215;50\"><img loading=\"lazy\" decoding=\"async\" src=\"https:\/\/cdn.noticel.com\/2026\/07\/15122859\/JP-Monopoly-Launch-Noticel-320x50-1.jpg\" alt=\"\"  srcset=\"https:\/\/cdn.noticel.com\/2026\/07\/15122859\/JP-Monopoly-Launch-Noticel-320x50-1.jpg 320w, https:\/\/cdn.noticel.com\/2026\/07\/15122859\/JP-Monopoly-Launch-Noticel-320x50-1-300x47.jpg 300w, https:\/\/cdn.noticel.com\/2026\/07\/15122859\/JP-Monopoly-Launch-Noticel-320x50-1-18x3.jpg 18w\" sizes=\"(max-width: 320px) 100vw, 320px\" width=\"320\" height=\"50\"   \/><\/a><\/div>\n<p>&#8216;Aixanell y Zacha son la cara de San Germ\u00e1n. De Ang\u00e9lica Berm\u00fadez espero muchas cosas de ella, nos ha dado versatilidad&#8217;, coment\u00f3 su dirigente, Fernando &#8216;Ferdi&#8217; Toro.<\/p>\n<p>Sobre su posible cuadro regular, a\u00f1adi\u00f3 el dirigente del a\u00f1o 2010: &#8216;Estamos pr\u00e1cticamente a 10 d\u00edas que comience la temporada, pero si hay dos vertientes, siendo una de ellas Karen Col\u00f3n, Aixanell Santos, Zacha Gonz\u00e1lez y las dos refuerzos&#8217;.<\/p>\n<p>&#8216;Este a\u00f1o con m\u00e1s competencia, hizo m\u00e1s cosas. Tienen tres muchachas que est\u00e1n dispuestas a ganar. Le van a dar esa fortaleza a este equipo, para que no se queden en las semifinales, si no que lleguen a la serie final&#8217;, dijo el Director General, Lcdo. Jos\u00e9 Abdin Vel\u00e1zquez P\u00e9rez, en referencia a las nativas Santos, Gonz\u00e1lez y Col\u00f3n.<\/p>\n<p>&#8216;Todos los equipos est\u00e1n trabajando. Por lo que tendremos un buen torneo&#8217;, sentenci\u00f3 Vel\u00e1zquez.<\/p>\n<p>Las Atl\u00e9ticas inauguran la temporada 2011 ante las Warriors de San Juan, el pr\u00f3ximo 21 de agosto, a las 6 de la tarde en el coliseo Arquelio Torres Ram\u00edrez.<\/p>\n<p>V\u00edctor Cab\u00e1n y Frank Ramos son los responsables de llevar las incidencias de los partidos locales de las Atl\u00e9ticas a trav\u00e9s de Radio SOL 1090 AM.<\/p>\n<p>La temporada de Baloncesto Superior Nacional Femenino inicia el 19 de agosto de 2011 en Carolina.<\/p>","protected":false},"excerpt":{"rendered":"<p>La edici\u00f3n 2011 de las Atl\u00e9ticas de San Germ\u00e1n presenta un excelente cuadro regular y unas destacadas reservas, que esperan ser la clave para alcanzar la serie final del Baloncesto Superior Nacional Femenino (BSNF). San Germ\u00e1n realiz\u00f3 la presentaci\u00f3n de su plantilla anoche en el Centro de Convenciones Santiago R. Palmer de la ciudad de [&hellip;]<\/p>","protected":false},"author":0,"featured_media":925286,"comment_status":"closed","ping_status":"closed","sticky":false,"template":"","format":"standard","meta":{"_acf_changed":false,"_monsterinsights_skip_tracking":false,"ep_exclude_from_search":false,"footnotes":""},"categories":[31],"tags":[],"class_list":["post-63802","post","type-post","status-publish","format-standard","has-post-thumbnail","hentry","category-deportes"],"acf":[],"aioseo_notices":[],"_links":{"self":[{"href":"https:\/\/noticel.com\/en\/wp-json\/wp\/v2\/posts\/63802","targetHints":{"allow":["GET"]}}],"collection":[{"href":"https:\/\/noticel.com\/en\/wp-json\/wp\/v2\/posts"}],"about":[{"href":"https:\/\/noticel.com\/en\/wp-json\/wp\/v2\/types\/post"}],"replies":[{"embeddable":true,"href":"https:\/\/noticel.com\/en\/wp-json\/wp\/v2\/comments?post=63802"}],"version-history":[{"count":1,"href":"https:\/\/noticel.com\/en\/wp-json\/wp\/v2\/posts\/63802\/revisions"}],"predecessor-version":[{"id":925312,"href":"https:\/\/noticel.com\/en\/wp-json\/wp\/v2\/posts\/63802\/revisions\/925312"}],"wp:featuredmedia":[{"embeddable":true,"href":"https:\/\/noticel.com\/en\/wp-json\/wp\/v2\/media\/925286"}],"wp:attachment":[{"href":"https:\/\/noticel.com\/en\/wp-json\/wp\/v2\/media?parent=63802"}],"wp:term":[{"taxonomy":"category","embeddable":true,"href":"https:\/\/noticel.com\/en\/wp-json\/wp\/v2\/categories?post=63802"},{"taxonomy":"post_tag","embeddable":true,"href":"https:\/\/noticel.com\/en\/wp-json\/wp\/v2\/tags?post=63802"}],"curies":[{"name":"wp","href":"https:\/\/api.w.org\/{rel}","templated":true}]}}