{"id":63756,"date":"2013-02-12T00:00:00","date_gmt":"2013-02-12T04:00:00","guid":{"rendered":"http:\/\/www.noticel.com\/ahora\/20130212\/camara-aprueba-el-4-a-las-foraneas-y-se-aplica-en-julio\/"},"modified":"2025-08-24T11:00:31","modified_gmt":"2025-08-24T11:00:31","slug":"camara-aprueba-el-4-a-las-foraneas-y-se-aplica-en-julio","status":"publish","type":"post","link":"https:\/\/noticel.com\/en\/ultima-hora\/20130212\/camara-aprueba-el-4-a-las-foraneas-y-se-aplica-en-julio\/","title":{"rendered":"C\u00e1mara aprueba el 4% a las for\u00e1neas y se aplica en julio"},"content":{"rendered":"<p>El proyecto de la C\u00e1mara 741 que enmienda el C\u00f3digo de Rentas Internas (Ley 154), para fijar al 4 % del arbitrio sobre las ventas a empresas for\u00e1neas con operaciones en Puerto Rico, fue aprobado el lunes en la C\u00e1mara de Representantes y entrar\u00e1 en vigor el pr\u00f3ximo mes de julio, inform\u00f3 el presidente de dicho cuerpo, Jaime Perell\u00f3.<\/p>\n<p>&#8216;Seg\u00fan la reforma contributiva actual el grado de recuperaci\u00f3n econ\u00f3mica habr\u00eda de medirse seg\u00fan sus objetivos de mayores ingresos, la reducci\u00f3n en gastos gubernamentales y el crecimiento econ\u00f3mico. Sin embargo, ninguno de esos objetivos fue cumplido. Bajo estas dif\u00edciles circunstancias, con una visi\u00f3n diferente, esta Asamblea Legislativa est\u00e1 comprometida con que Puerto Rico logre esos objetivos econ\u00f3micos y sobrepase la crisis. Con ese fin es necesario extender el arbitrio de la Ley 154-2010 a una tasa modestamente alta&#8217;, dijo Perell\u00f3 en conferencia de prensa.<\/p>\n<p>La enmienda para que el aumento entre en vigor para el pr\u00f3ximo a\u00f1o fiscal y no para el corriente como pretend\u00eda el Departamento de Hacienda, fue luego de conversaciones con miembros del sector industrial los cuales fueron avalados por el Ejecutivo, mencion\u00f3 Perell\u00f3.<\/p>\n<p>La medida cont\u00f3 con el voto a favor de la delegaci\u00f3n del Partido Nuevo Progresista (PNP) que intent\u00f3 sin \u00e9xito enmendar el proyecto para que parte de los fondos se destinaran al Sistema de Retiro y a la Autoridad de Energ\u00eda El\u00e9ctrica (AEE) y Acueductos y Alcantarillados (AAA) para minimizar los aumentos en las tarifas.<\/p>\n<p>&#8216;El PPD perdi\u00f3 la oportunidad de evitar m\u00e1s aumentos para el pueblo al votarle en contra a dos enmiendas que presentamos para aliviar el fondo del Sistema de Retiro y para evitar el aumento del agua y la luz el\u00e9ctrica&#8217;, dijo la portavoz Jenniffer Gonz\u00e1lez.<\/p>\n<p>&#8216;A\u00fan as\u00ed le votamos a favor de esta medida porque creemos en ella aunque ellos antes no cre\u00edan en esta medida y nos criticaron&#8217;, a\u00f1adi\u00f3.<\/p>","protected":false},"excerpt":{"rendered":"<p>El proyecto de la C\u00e1mara 741 que enmienda el C\u00f3digo de Rentas Internas (Ley 154), para fijar al 4 % del arbitrio sobre las ventas a empresas for\u00e1neas con operaciones en Puerto Rico, fue aprobado el lunes en la C\u00e1mara de Representantes y entrar\u00e1 en vigor el pr\u00f3ximo mes de julio, inform\u00f3 el presidente de [&hellip;]<\/p>","protected":false},"author":0,"featured_media":903678,"comment_status":"closed","ping_status":"closed","sticky":false,"template":"","format":"standard","meta":{"_acf_changed":false,"_monsterinsights_skip_tracking":false,"ep_exclude_from_search":false,"footnotes":""},"categories":[2],"tags":[],"class_list":["post-63756","post","type-post","status-publish","format-standard","has-post-thumbnail","hentry","category-ultima-hora"],"acf":[],"aioseo_notices":[],"_links":{"self":[{"href":"https:\/\/noticel.com\/en\/wp-json\/wp\/v2\/posts\/63756","targetHints":{"allow":["GET"]}}],"collection":[{"href":"https:\/\/noticel.com\/en\/wp-json\/wp\/v2\/posts"}],"about":[{"href":"https:\/\/noticel.com\/en\/wp-json\/wp\/v2\/types\/post"}],"replies":[{"embeddable":true,"href":"https:\/\/noticel.com\/en\/wp-json\/wp\/v2\/comments?post=63756"}],"version-history":[{"count":1,"href":"https:\/\/noticel.com\/en\/wp-json\/wp\/v2\/posts\/63756\/revisions"}],"predecessor-version":[{"id":903698,"href":"https:\/\/noticel.com\/en\/wp-json\/wp\/v2\/posts\/63756\/revisions\/903698"}],"wp:featuredmedia":[{"embeddable":true,"href":"https:\/\/noticel.com\/en\/wp-json\/wp\/v2\/media\/903678"}],"wp:attachment":[{"href":"https:\/\/noticel.com\/en\/wp-json\/wp\/v2\/media?parent=63756"}],"wp:term":[{"taxonomy":"category","embeddable":true,"href":"https:\/\/noticel.com\/en\/wp-json\/wp\/v2\/categories?post=63756"},{"taxonomy":"post_tag","embeddable":true,"href":"https:\/\/noticel.com\/en\/wp-json\/wp\/v2\/tags?post=63756"}],"curies":[{"name":"wp","href":"https:\/\/api.w.org\/{rel}","templated":true}]}}