{"id":63744,"date":"2016-05-05T00:00:00","date_gmt":"2016-05-05T04:00:00","guid":{"rendered":"http:\/\/www.noticel.com\/vida\/20160505\/nueva-orquesta-cubana-con-miembros-de-buena-vista\/"},"modified":"2025-07-30T00:53:57","modified_gmt":"2025-07-30T00:53:57","slug":"nueva-orquesta-cubana-con-miembros-de-buena-vista","status":"publish","type":"post","link":"https:\/\/noticel.com\/en\/vida-y-bienestar\/20160505\/nueva-orquesta-cubana-con-miembros-de-buena-vista\/","title":{"rendered":"Nueva orquesta cubana con miembros de Buena Vista"},"content":{"rendered":"<p>La orquesta Buena Vista All Stars tomar\u00e1 el testigo de la famosa Buena Vista Social Club con una gira mundial que se iniciar\u00e1 este verano en EE.UU. y la misma devoci\u00f3n por la m\u00fasica tradicional cubana, anunciaron hoy, miercoles, sus representantes.<\/p>\n<p>La nueva orquesta tiene entre sus 15 componentes a uno de los fundadores de la agrupaci\u00f3n creada en 1996, el trompetista Manuel &#8216;Guajiro&#8217; Mirabal, y a otros cinco m\u00fasicos que se sumaron en distintas fechas a Buena Vista Social Club, dijo a Efe Jorge Fern\u00e1ndez, de Son de Cuba JF Management, con sede en Dallas, Texas (EE.UU.).<\/p>\n<p>El bajista Pedro Pablo Guti\u00e9rrez, que sucedi\u00f3 en Buena Vista Social Club, a Orlando &#8216;Cachaito&#8217; L\u00f3pez, fallecido en 2009, dirige esta nueva orquesta.<\/p>\n<p>El anuncio llega un a\u00f1o despu\u00e9s de la gira Adi\u00f3s con la que Buena Vista Social Club se despidi\u00f3 de sus admiradores, que se cuentan por millares en todo el mundo a partir del \u00e1lbum de 1997 y el documental de 1999.<\/p>\n<p>Fern\u00e1ndez afirm\u00f3 que todav\u00eda no hay fechas para la gira de Buena Vista All Stars, pero asever\u00f3 que en el verano estar\u00e1n dando conciertos en primer lugar por EE.UU. bajo el lema &#8216;The Legacy Continues&#8217; (El legado contin\u00faa).<\/p><div class=\"notic-content-middle\" id=\"notic-1103969486\"><div class=\"notic-adlabel\">Advertisements<\/div><a data-no-instant=\"1\" href=\"https:\/\/qrco.de\/bgxd5v\" rel=\"noopener\" class=\"a2t-link\" target=\"_blank\" aria-label=\"DisplayAds-300&#215;2502\"><img loading=\"lazy\" decoding=\"async\" src=\"https:\/\/cdn.noticel.com\/2026\/09\/02200544\/DisplayAds-300x2502-1.jpg\" alt=\"\"  srcset=\"https:\/\/cdn.noticel.com\/2026\/09\/02200544\/DisplayAds-300x2502-1.jpg 300w, https:\/\/cdn.noticel.com\/2026\/09\/02200544\/DisplayAds-300x2502-1-14x12.jpg 14w\" sizes=\"(max-width: 300px) 100vw, 300px\" width=\"300\" height=\"250\"   \/><\/a><\/div>\n<p>Adem\u00e1s antes o entre medias de la gira la nueva orquesta grabar\u00e1 su primer \u00e1lbum en un estudio de Estados Unidos que &#8216;ya est\u00e1 completamente preparado&#8217; para acogerlos en cuanto lleguen.<\/p>\n<p>El \u00e1lbum contendr\u00e1 temas que los m\u00fasicos de Buena Vista Social Club dieron a conocer por todo el mundo y otros nunca grabados por ellos pero que tambi\u00e9n pertenecen a la m\u00fasica tradicional cubana, porque &#8216;siempre es importante tener algo fresco&#8217;, dijo Fern\u00e1ndez.<\/p>\n<p>El veterano Manuel &#8216;Guajiro&#8217; Mirabal, que ma\u00f1ana cumple 83 a\u00f1os, est\u00e1 muy contento de volver a los escenarios, dijo el representante de Buena Vista All Stars. &#8216;Est\u00e1 muy bien&#8217;, agreg\u00f3 Fern\u00e1ndez.<\/p>\n<p>Muchos de los m\u00fasicos que formaron Buena Vista Social Club han fallecido como Compay Segundo, Ibrahim Ferrer, Manuel &#8216;Puntillita&#8217; Licea, Rub\u00e9n Gonz\u00e1lez, P\u00edo Leyva, Anga D\u00edaz, Orlando &#8216;Cacha\u00edto&#8217; L\u00f3pez y Manuel Galb\u00e1n.<\/p>","protected":false},"excerpt":{"rendered":"<p>La orquesta Buena Vista All Stars tomar\u00e1 el testigo de la famosa Buena Vista Social Club con una gira mundial que se iniciar\u00e1 este verano en EE.UU. y la misma devoci\u00f3n por la m\u00fasica tradicional cubana, anunciaron hoy, miercoles, sus representantes. La nueva orquesta tiene entre sus 15 componentes a uno de los fundadores de [&hellip;]<\/p>","protected":false},"author":0,"featured_media":612838,"comment_status":"closed","ping_status":"closed","sticky":false,"template":"","format":"standard","meta":{"_acf_changed":false,"_monsterinsights_skip_tracking":false,"ep_exclude_from_search":false,"footnotes":""},"categories":[69],"tags":[],"class_list":["post-63744","post","type-post","status-publish","format-standard","has-post-thumbnail","hentry","category-vida-y-bienestar"],"acf":[],"aioseo_notices":[],"_links":{"self":[{"href":"https:\/\/noticel.com\/en\/wp-json\/wp\/v2\/posts\/63744","targetHints":{"allow":["GET"]}}],"collection":[{"href":"https:\/\/noticel.com\/en\/wp-json\/wp\/v2\/posts"}],"about":[{"href":"https:\/\/noticel.com\/en\/wp-json\/wp\/v2\/types\/post"}],"replies":[{"embeddable":true,"href":"https:\/\/noticel.com\/en\/wp-json\/wp\/v2\/comments?post=63744"}],"version-history":[{"count":1,"href":"https:\/\/noticel.com\/en\/wp-json\/wp\/v2\/posts\/63744\/revisions"}],"predecessor-version":[{"id":612854,"href":"https:\/\/noticel.com\/en\/wp-json\/wp\/v2\/posts\/63744\/revisions\/612854"}],"wp:featuredmedia":[{"embeddable":true,"href":"https:\/\/noticel.com\/en\/wp-json\/wp\/v2\/media\/612838"}],"wp:attachment":[{"href":"https:\/\/noticel.com\/en\/wp-json\/wp\/v2\/media?parent=63744"}],"wp:term":[{"taxonomy":"category","embeddable":true,"href":"https:\/\/noticel.com\/en\/wp-json\/wp\/v2\/categories?post=63744"},{"taxonomy":"post_tag","embeddable":true,"href":"https:\/\/noticel.com\/en\/wp-json\/wp\/v2\/tags?post=63744"}],"curies":[{"name":"wp","href":"https:\/\/api.w.org\/{rel}","templated":true}]}}