{"id":63071,"date":"2011-01-20T00:00:00","date_gmt":"2011-01-20T04:00:00","guid":{"rendered":"http:\/\/www.noticel.com\/deportes\/20110120\/luto-en-el-beisbol-invernal\/"},"modified":"2025-08-29T14:14:15","modified_gmt":"2025-08-29T14:14:15","slug":"luto-en-el-beisbol-invernal","status":"publish","type":"post","link":"https:\/\/noticel.com\/en\/deportes\/20110120\/luto-en-el-beisbol-invernal\/","title":{"rendered":"Luto en el b\u00e9isbol invernal"},"content":{"rendered":"<p><i>Luto en el b\u00e9isbol invernal<\/i><\/p>\n<p>El ex presidente del equipo de b\u00e9isbol Criollos de Caguas Enrique \u00abQuique\u00bb Hern\u00e1ndez falleci\u00f3 esta ma\u00f1ana luego que sus familiares pidieran que se desconectara el sistema de m\u00e1quinas que manten\u00edan funcionando sus \u00f3rganos.<\/p>\n<p>Hern\u00e1ndez, quien hab\u00eda expresado su deseo de donar sus \u00f3rganos, estuvo recluido desde el domingo en la unidad de intensivo del hospital HIMA de Caguas. Ayer se dio a conocer que ten\u00eda muerte cerebral.<\/p>\n<p>\u00abAunque los m\u00e9dicos hab\u00edan declarado cl\u00ednicamente al ex candidado alcalde de Caguas, su esposa e hijos se mantuvieron a su lado hasta hoy a las 8:30 de la ma\u00f1ana. La Familia Hern\u00e1ndez-Isern agradece la simpat\u00eda y la preocupaci\u00f3n de las miles de personas que se han comunicado a los diferentes medios y empresas preocupados todos por la condici\u00f3n que produjo el fallecimiento de Quique Hern\u00e1ndez en estos precisos momentos\u00bb, se indic\u00f3 en un comunicado de prensa autorizado por el portavoz de la familia, Aldo Rodr\u00edguez.<\/p>\n<p>Seg\u00fan Rodr\u00edguez, la esposa de Hern\u00e1ndez, Minerva Masas, ya inici\u00f3 gestiones con la funeraria Ehret de R\u00edo Piedras.<\/p><div class=\"notic-content-middle\" id=\"notic-3996303174\"><div class=\"notic-adlabel\">Advertisements<\/div><a data-no-instant=\"1\" href=\"https:\/\/www.asegurate-bien.com\/\" rel=\"noopener\" class=\"a2t-link\" target=\"_blank\" aria-label=\"Acodese-Adaptaciones-Noticel-300&#215;600\"><img loading=\"lazy\" decoding=\"async\" src=\"https:\/\/cdn.noticel.com\/2026\/05\/30094652\/Acodese-Adaptaciones-Noticel-300x600-1.jpg\" alt=\"\"  srcset=\"https:\/\/cdn.noticel.com\/2026\/05\/30094652\/Acodese-Adaptaciones-Noticel-300x600-1.jpg 300w, https:\/\/cdn.noticel.com\/2026\/05\/30094652\/Acodese-Adaptaciones-Noticel-300x600-1-150x300.jpg 150w, https:\/\/cdn.noticel.com\/2026\/05\/30094652\/Acodese-Adaptaciones-Noticel-300x600-1-6x12.jpg 6w\" sizes=\"(max-width: 300px) 100vw, 300px\" width=\"300\" height=\"600\"   \/><\/a><\/div>\n<p>A\u00f1adi\u00f3 que tambi\u00e9n se realizan gestiones en la Alcald\u00eda de Caguas para llevar su cuerpo a alguna instalaci\u00f3n deportiva de ese pueblo.<\/p>\n<p>Hern\u00e1ndez presidi\u00f3 los Criollos de Caguas de 1992 al 2000 y adem\u00e1s fue candidato a la alcald\u00eda de Caguas en el a\u00f1o 2000 por el Partido Nuevo Progresista. Era propietario de las franquicias Doble 6 y Bufalo Wing que operan en la isla.<\/p>\n<p>El presidente del Senado, Thomas Rivera Schatz, expres\u00f3 su pesar por el deceso y dijo que \u00abla muerte de un baluarte como Enrique representa un gran vac\u00edo para el deporte puertorrique\u00f1o\u00bb.<\/p>\n<p>\u00abSu aportaci\u00f3n al b\u00e9isbol fue grande durante los ocho a\u00f1os en que fue presidente de los Criollos y por la remodelaci\u00f3n del Estadio Ydelfonso Sol\u00e1 Morales. Quedar\u00e1 en el coraz\u00f3n de cada uno de los puertorrique\u00f1os\u00bb, a\u00f1adi\u00f3 Rivera Schatz. (INS)<\/p>","protected":false},"excerpt":{"rendered":"<p>Luto en el b\u00e9isbol invernal El ex presidente del equipo de b\u00e9isbol Criollos de Caguas Enrique \u00abQuique\u00bb Hern\u00e1ndez falleci\u00f3 esta ma\u00f1ana luego que sus familiares pidieran que se desconectara el sistema de m\u00e1quinas que manten\u00edan funcionando sus \u00f3rganos. Hern\u00e1ndez, quien hab\u00eda expresado su deseo de donar sus \u00f3rganos, estuvo recluido desde el domingo en la [&hellip;]<\/p>","protected":false},"author":0,"featured_media":936877,"comment_status":"closed","ping_status":"closed","sticky":false,"template":"","format":"standard","meta":{"_acf_changed":false,"_monsterinsights_skip_tracking":false,"ep_exclude_from_search":false,"footnotes":""},"categories":[31],"tags":[],"class_list":["post-63071","post","type-post","status-publish","format-standard","has-post-thumbnail","hentry","category-deportes"],"acf":[],"aioseo_notices":[],"_links":{"self":[{"href":"https:\/\/noticel.com\/en\/wp-json\/wp\/v2\/posts\/63071","targetHints":{"allow":["GET"]}}],"collection":[{"href":"https:\/\/noticel.com\/en\/wp-json\/wp\/v2\/posts"}],"about":[{"href":"https:\/\/noticel.com\/en\/wp-json\/wp\/v2\/types\/post"}],"replies":[{"embeddable":true,"href":"https:\/\/noticel.com\/en\/wp-json\/wp\/v2\/comments?post=63071"}],"version-history":[{"count":1,"href":"https:\/\/noticel.com\/en\/wp-json\/wp\/v2\/posts\/63071\/revisions"}],"predecessor-version":[{"id":936888,"href":"https:\/\/noticel.com\/en\/wp-json\/wp\/v2\/posts\/63071\/revisions\/936888"}],"wp:featuredmedia":[{"embeddable":true,"href":"https:\/\/noticel.com\/en\/wp-json\/wp\/v2\/media\/936877"}],"wp:attachment":[{"href":"https:\/\/noticel.com\/en\/wp-json\/wp\/v2\/media?parent=63071"}],"wp:term":[{"taxonomy":"category","embeddable":true,"href":"https:\/\/noticel.com\/en\/wp-json\/wp\/v2\/categories?post=63071"},{"taxonomy":"post_tag","embeddable":true,"href":"https:\/\/noticel.com\/en\/wp-json\/wp\/v2\/tags?post=63071"}],"curies":[{"name":"wp","href":"https:\/\/api.w.org\/{rel}","templated":true}]}}