{"id":62808,"date":"2015-10-23T00:00:00","date_gmt":"2015-10-23T04:00:00","guid":{"rendered":"http:\/\/www.noticel.com\/la-calle\/20151023\/remueven-camion-de-autopista-ferre-en-salinas\/"},"modified":"2025-07-18T09:56:57","modified_gmt":"2025-07-18T09:56:57","slug":"remueven-camion-de-autopista-ferre-en-salinas","status":"publish","type":"post","link":"https:\/\/noticel.com\/en\/noticias\/la-calle\/20151023\/remueven-camion-de-autopista-ferre-en-salinas\/","title":{"rendered":"Remueven cami\u00f3n de autopista Ferr\u00e9 en Salinas"},"content":{"rendered":"<p>La Polic\u00eda inform\u00f3 en la tarde de hoy, viernes, que el cami\u00f3n que obstru\u00eda la autopista Luis A. Ferre PR 52, km 87.9, direcci\u00f3n Salinas a Ponce, fue removido. Ambos carriles fueron abiertos al tr\u00e1nsito.<\/p>\n<p>Adem\u00e1s, se report\u00f3 un accidente leve en el expreso 181, cerca de la salida a Saint Just, en direcci\u00f3n de Trujillo Alto a R\u00edo Piedras. El tr\u00e1nsito se reporta pesado en esta direcci\u00f3n.<\/p>\n<p>Mientras, lento en el expreso Baldorioty De Castro hacia Carolina. Hacia Caguas, pesado en el expreso Las Am\u00e9ricas, la autopista Luis A. Ferr\u00e9, \u00e1rea de Montehiedra; la carretera #1 y la #30.<\/p><div class=\"notic-content-middle\" id=\"notic-3424749665\"><div class=\"notic-adlabel\">Advertisements<\/div><a data-no-instant=\"1\" href=\"https:\/\/qrco.de\/bgxd5v\" rel=\"noopener\" class=\"a2t-link\" target=\"_blank\" aria-label=\"image002\"><img loading=\"lazy\" decoding=\"async\" src=\"https:\/\/cdn.noticel.com\/2026\/09\/04152516\/image002.jpg\" alt=\"\"  srcset=\"https:\/\/cdn.noticel.com\/2026\/09\/04152516\/image002.jpg 288w, https:\/\/cdn.noticel.com\/2026\/09\/04152516\/image002-14x12.jpg 14w\" sizes=\"(max-width: 288px) 100vw, 288px\" width=\"288\" height=\"240\"   \/><\/a><\/div>\n<p>El Servicio Nacional de Meteorolog\u00eda (SNM) emiti\u00f3 el viernes varias advertencias de inundaciones para nueve municipios del Centro, Sur y Suroeste de la Isla.<\/p>\n<p>Se emiti\u00f3 una advertencia de inundaciones para Adjuntas, Ponce, Utuado y Jayuya hasta las 4:30 de la tarde. Mientras, para Gu\u00e1nica, Sabana Grande, Yauco, Lajas y Guayanilla se emiti\u00f3 una advertencia hasta las 6:30 de la tarde.<\/p>","protected":false},"excerpt":{"rendered":"<p>La Polic\u00eda inform\u00f3 en la tarde de hoy, viernes, que el cami\u00f3n que obstru\u00eda la autopista Luis A. Ferre PR 52, km 87.9, direcci\u00f3n Salinas a Ponce, fue removido. Ambos carriles fueron abiertos al tr\u00e1nsito. Adem\u00e1s, se report\u00f3 un accidente leve en el expreso 181, cerca de la salida a Saint Just, en direcci\u00f3n de [&hellip;]<\/p>","protected":false},"author":0,"featured_media":512332,"comment_status":"closed","ping_status":"closed","sticky":false,"template":"","format":"standard","meta":{"_acf_changed":false,"_monsterinsights_skip_tracking":false,"ep_exclude_from_search":false,"footnotes":""},"categories":[12],"tags":[],"class_list":["post-62808","post","type-post","status-publish","format-standard","has-post-thumbnail","hentry","category-la-calle"],"acf":[],"aioseo_notices":[],"_links":{"self":[{"href":"https:\/\/noticel.com\/en\/wp-json\/wp\/v2\/posts\/62808","targetHints":{"allow":["GET"]}}],"collection":[{"href":"https:\/\/noticel.com\/en\/wp-json\/wp\/v2\/posts"}],"about":[{"href":"https:\/\/noticel.com\/en\/wp-json\/wp\/v2\/types\/post"}],"replies":[{"embeddable":true,"href":"https:\/\/noticel.com\/en\/wp-json\/wp\/v2\/comments?post=62808"}],"version-history":[{"count":1,"href":"https:\/\/noticel.com\/en\/wp-json\/wp\/v2\/posts\/62808\/revisions"}],"predecessor-version":[{"id":512338,"href":"https:\/\/noticel.com\/en\/wp-json\/wp\/v2\/posts\/62808\/revisions\/512338"}],"wp:featuredmedia":[{"embeddable":true,"href":"https:\/\/noticel.com\/en\/wp-json\/wp\/v2\/media\/512332"}],"wp:attachment":[{"href":"https:\/\/noticel.com\/en\/wp-json\/wp\/v2\/media?parent=62808"}],"wp:term":[{"taxonomy":"category","embeddable":true,"href":"https:\/\/noticel.com\/en\/wp-json\/wp\/v2\/categories?post=62808"},{"taxonomy":"post_tag","embeddable":true,"href":"https:\/\/noticel.com\/en\/wp-json\/wp\/v2\/tags?post=62808"}],"curies":[{"name":"wp","href":"https:\/\/api.w.org\/{rel}","templated":true}]}}