{"id":622538,"date":"2018-06-30T00:00:00","date_gmt":"2018-06-30T04:00:00","guid":{"rendered":"https:\/\/test.noticel.com\/auspiciado\/deportes\/deportes-cool\/suplemento\/20180630\/el-porsche-919-hybrid-evo-destroza-el-record-de-vuelta-de-nurburgring\/"},"modified":"2025-08-15T07:44:22","modified_gmt":"2025-08-15T07:44:22","slug":"el-porsche-919-hybrid-evo-destroza-el-record-de-vuelta-de-nurburgring","status":"publish","type":"post","link":"https:\/\/noticel.com\/en\/deportes\/20180630\/el-porsche-919-hybrid-evo-destroza-el-record-de-vuelta-de-nurburgring\/","title":{"rendered":"El Porsche 919 Hybrid Evo destroza el r\u00e9cord de vuelta de N\u00fcrburgring"},"content":{"rendered":"<p>Timo Bernhard (37 a\u00f1os, Alemania) par\u00f3 el cron\u00f3metro en 5 minutos y 19,55 segundos, al cruzar la l\u00ednea de meta del m\u00edtico Circuito Norte de N\u00fcrburgring esta ma\u00f1ana, al volante del Porsche 919 Hybrid Evo. Con esta marca, el bicampe\u00f3n de las 24 Horas de Le Mans y actual campe\u00f3n del mundo de resistencia bati\u00f3 el record de vuelta en el m\u00edtico &#8216;Infierno Verde&#8217; de 20,8 kil\u00f3metros, un record que se hab\u00eda mantenido intacto durante 35 a\u00f1os. El 28 de mayo de 1983, Stefan Bellof dio una vuelta a esta pista legendaria a bordo de un Porsche 956 C y estableci\u00f3 un tiempo de 6:11.13 minutos.<\/p>\n<p>El Porsche 919 Hybrid Evo es una evoluci\u00f3n del prototipo LMP1 con el que Porsche gan\u00f3 las 24 Horas de Le Mans en 2015, 2016 y 2017, as\u00ed como el Campeonato Mundial de Resistencia (WEC) de la FIA durante esas tres temporadas consecutivas, tanto en el apartado de Constructores como en el de Pilotos.<\/p>\n<p>M\u00e1s adelante, en el d\u00eda de hoy, enviaremos un comunicado de prensa con im\u00e1genes, v\u00eddeo desde el interior del auto, declaraciones y todos los detalles de esta haza\u00f1a.<\/p>","protected":false},"excerpt":{"rendered":"<p>Timo Bernhard (37 a\u00f1os, Alemania) par\u00f3 el cron\u00f3metro en 5 minutos y 19,55 segundos, al cruzar la l\u00ednea de meta del m\u00edtico Circuito Norte de N\u00fcrburgring esta ma\u00f1ana, al volante del Porsche 919 Hybrid Evo. Con esta marca, el bicampe\u00f3n de las 24 Horas de Le Mans y actual campe\u00f3n del mundo de resistencia bati\u00f3 [&hellip;]<\/p>","protected":false},"author":3,"featured_media":521631,"comment_status":"closed","ping_status":"closed","sticky":false,"template":"","format":"standard","meta":{"_acf_changed":false,"_monsterinsights_skip_tracking":false,"ep_exclude_from_search":false,"footnotes":""},"categories":[81,31],"tags":[],"class_list":["post-622538","post","type-post","status-publish","format-standard","has-post-thumbnail","hentry","category-auspiciado","category-deportes"],"acf":[],"aioseo_notices":[],"_links":{"self":[{"href":"https:\/\/noticel.com\/en\/wp-json\/wp\/v2\/posts\/622538","targetHints":{"allow":["GET"]}}],"collection":[{"href":"https:\/\/noticel.com\/en\/wp-json\/wp\/v2\/posts"}],"about":[{"href":"https:\/\/noticel.com\/en\/wp-json\/wp\/v2\/types\/post"}],"author":[{"embeddable":true,"href":"https:\/\/noticel.com\/en\/wp-json\/wp\/v2\/users\/3"}],"replies":[{"embeddable":true,"href":"https:\/\/noticel.com\/en\/wp-json\/wp\/v2\/comments?post=622538"}],"version-history":[{"count":1,"href":"https:\/\/noticel.com\/en\/wp-json\/wp\/v2\/posts\/622538\/revisions"}],"predecessor-version":[{"id":844023,"href":"https:\/\/noticel.com\/en\/wp-json\/wp\/v2\/posts\/622538\/revisions\/844023"}],"wp:featuredmedia":[{"embeddable":true,"href":"https:\/\/noticel.com\/en\/wp-json\/wp\/v2\/media\/521631"}],"wp:attachment":[{"href":"https:\/\/noticel.com\/en\/wp-json\/wp\/v2\/media?parent=622538"}],"wp:term":[{"taxonomy":"category","embeddable":true,"href":"https:\/\/noticel.com\/en\/wp-json\/wp\/v2\/categories?post=622538"},{"taxonomy":"post_tag","embeddable":true,"href":"https:\/\/noticel.com\/en\/wp-json\/wp\/v2\/tags?post=622538"}],"curies":[{"name":"wp","href":"https:\/\/api.w.org\/{rel}","templated":true}]}}