{"id":621871,"date":"2020-02-12T00:00:00","date_gmt":"2020-02-12T04:00:00","guid":{"rendered":"https:\/\/test.noticel.com\/economia\/20200212\/ford-y-honda-hacen-recall-de-casi-500000-unidades\/"},"modified":"2025-08-01T14:58:37","modified_gmt":"2025-08-01T14:58:37","slug":"ford-y-honda-hacen-recall-de-casi-500000-unidades","status":"publish","type":"post","link":"https:\/\/noticel.com\/en\/economia\/20200212\/ford-y-honda-hacen-recall-de-casi-500000-unidades\/","title":{"rendered":"Ford y Honda hacen &#8216;recall&#8217; de casi 500,000 unidades"},"content":{"rendered":"<p><i>Verifica si tu veh\u00edculo est\u00e1 incluido.<\/i><\/p>\n<p>Ford llam\u00f3 a revisi\u00f3n (<em>recall<\/em>) este mi\u00e9rcoles 227,884 veh\u00edculos en Estados Unidos, Canad\u00e1 y M\u00e9xico por un defecto en su suspensi\u00f3n trasera, al mismo tiempo que Honda llam\u00f3 a revisi\u00f3n 241,000 unidades del monovolumen Odyssey en Estados Unidos.<\/p>\n<p>Ford dijo que la llamada a revisi\u00f3n afecta a los modelos Ford Flex 2013-2018, Ford Taurus, Police Interceptor Sedan, Ford Taurus SHO y Lincoln MKT.<\/p>\n<p>En los veh\u00edculos afectados un elemento de la suspensi\u00f3n trasera se puede fracturar, lo que aumenta el riesgo de accidentes, aunque el fabricante estadounidense dijo que no ha recibido informaci\u00f3n de ning\u00fan accidente o lesiones relacionados con este defecto.<\/p>\n<p>Ford especific\u00f3 que 211,207 veh\u00edculos se encuentra en Estados Unidos, 15,281 en Canad\u00e1 y 1,396 en M\u00e9xico.<\/p>\n<p><strong><a href=\"https:\/\/www.nhtsa.gov\/recalls\" target=\"_blank\">Para saber si su veh\u00edculo es parte del &#8216;<em>recall<\/em>&#8216;, pulse aqu\u00ed.<\/a><\/strong><\/p>\n<p>La compa\u00f1\u00eda dijo que sus concesionarios reemplazar\u00e1n el elemento defectuoso en la suspensi\u00f3n trasera.<\/p><div class=\"notic-content-middle\" id=\"notic-1061749245\"><div class=\"notic-adlabel\">Advertisements<\/div><a data-no-instant=\"1\" href=\"https:\/\/qrco.de\/bgxd5v\" rel=\"noopener\" class=\"a2t-link\" target=\"_blank\" aria-label=\"DisplayAd-970&#215;902\"><img loading=\"lazy\" decoding=\"async\" src=\"https:\/\/cdn.noticel.com\/2026\/09\/02200210\/DisplayAd-970x902-1.jpg\" alt=\"\"  srcset=\"https:\/\/cdn.noticel.com\/2026\/09\/02200210\/DisplayAd-970x902-1.jpg 970w, https:\/\/cdn.noticel.com\/2026\/09\/02200210\/DisplayAd-970x902-1-300x28.jpg 300w, https:\/\/cdn.noticel.com\/2026\/09\/02200210\/DisplayAd-970x902-1-768x71.jpg 768w, https:\/\/cdn.noticel.com\/2026\/09\/02200210\/DisplayAd-970x902-1-18x2.jpg 18w\" sizes=\"(max-width: 970px) 100vw, 970px\" width=\"970\" height=\"90\"   \/><\/a><\/div>\n<p>En junio de 2019, Ford llam\u00f3 a revisi\u00f3n 1.2 millones de unidades del todocaminos SUV Explorer por el mismo problema en la suspensi\u00f3n trasera.<\/p>\n<p>Por su parte, Honda ha llamado a revisi\u00f3n a unos 241,000 unidades del Odyssey en Estados Unidos por un defecto en el sistema el\u00e9ctrico que puede causar incendios.<\/p>\n<p>Honda dijo que el defecto en el cableado en la tercera fila de asientos afecta a los Oydssey EX-L, Touring y Elite 2018-2020.<\/p>\n<p>El problema, consecuencia de una mala instalaci\u00f3n del panel que cubre el arn\u00e9s del cableado, puede provocar un cortocircuito y potencialmente el incendio del material pl\u00e1stico.<\/p>\n<p>Honda dijo que ha recibido informaci\u00f3n de tres incendios relacionados con este defecto aunque no se produjeron lesiones.<\/p>\n<p>El fabricante japon\u00e9s se\u00f1al\u00f3 que los concesionarios de la compa\u00f1\u00eda redirigir\u00e1n el cableado y aumentar\u00e1n la protecci\u00f3n del arn\u00e9s.<\/p>","protected":false},"excerpt":{"rendered":"<p>Verifica si tu veh\u00edculo est\u00e1 incluido. Ford llam\u00f3 a revisi\u00f3n (recall) este mi\u00e9rcoles 227,884 veh\u00edculos en Estados Unidos, Canad\u00e1 y M\u00e9xico por un defecto en su suspensi\u00f3n trasera, al mismo tiempo que Honda llam\u00f3 a revisi\u00f3n 241,000 unidades del monovolumen Odyssey en Estados Unidos. Ford dijo que la llamada a revisi\u00f3n afecta a los modelos [&hellip;]<\/p>","protected":false},"author":3,"featured_media":537990,"comment_status":"closed","ping_status":"closed","sticky":false,"template":"","format":"standard","meta":{"_acf_changed":false,"_monsterinsights_skip_tracking":false,"ep_exclude_from_search":false,"footnotes":""},"categories":[22],"tags":[],"class_list":["post-621871","post","type-post","status-publish","format-standard","has-post-thumbnail","hentry","category-economia"],"acf":[],"aioseo_notices":[],"_links":{"self":[{"href":"https:\/\/noticel.com\/en\/wp-json\/wp\/v2\/posts\/621871","targetHints":{"allow":["GET"]}}],"collection":[{"href":"https:\/\/noticel.com\/en\/wp-json\/wp\/v2\/posts"}],"about":[{"href":"https:\/\/noticel.com\/en\/wp-json\/wp\/v2\/types\/post"}],"author":[{"embeddable":true,"href":"https:\/\/noticel.com\/en\/wp-json\/wp\/v2\/users\/3"}],"replies":[{"embeddable":true,"href":"https:\/\/noticel.com\/en\/wp-json\/wp\/v2\/comments?post=621871"}],"version-history":[{"count":1,"href":"https:\/\/noticel.com\/en\/wp-json\/wp\/v2\/posts\/621871\/revisions"}],"predecessor-version":[{"id":839849,"href":"https:\/\/noticel.com\/en\/wp-json\/wp\/v2\/posts\/621871\/revisions\/839849"}],"wp:featuredmedia":[{"embeddable":true,"href":"https:\/\/noticel.com\/en\/wp-json\/wp\/v2\/media\/537990"}],"wp:attachment":[{"href":"https:\/\/noticel.com\/en\/wp-json\/wp\/v2\/media?parent=621871"}],"wp:term":[{"taxonomy":"category","embeddable":true,"href":"https:\/\/noticel.com\/en\/wp-json\/wp\/v2\/categories?post=621871"},{"taxonomy":"post_tag","embeddable":true,"href":"https:\/\/noticel.com\/en\/wp-json\/wp\/v2\/tags?post=621871"}],"curies":[{"name":"wp","href":"https:\/\/api.w.org\/{rel}","templated":true}]}}