{"id":621386,"date":"2020-02-13T00:00:00","date_gmt":"2020-02-13T04:00:00","guid":{"rendered":"https:\/\/test.noticel.com\/ahora\/educacion\/la-calle\/top-stories\/20200213\/empleados-no-docentes-rechazan-horario-de-interlocking-de-educaci%ef%bf%bdn\/"},"modified":"2025-08-01T14:59:30","modified_gmt":"2025-08-01T14:59:30","slug":"empleados-no-docentes-rechazan-horario-de-interlocking-de-educaci%ef%bf%bdn","status":"publish","type":"post","link":"https:\/\/noticel.com\/en\/ultima-hora\/20200213\/empleados-no-docentes-rechazan-horario-de-interlocking-de-educaci%ef%bf%bdn\/","title":{"rendered":"Empleados no docentes rechazan horario de &#8216;interlocking&#8217; de Educaci\ufffdn"},"content":{"rendered":"<p><i>Algunos horarios de salida culminan a las 7 pm<\/i><\/p>\n<p>Empleados del Departamento de Educaci\u00f3n representados por el Sindicato Puertorrique\u00f1o de Trabajadores y Trabajadoras (SPT) rechazaron el horario sugerido por el secretario Eligio Hern\u00e1ndez para las escuelas que operar\u00e1n en el horario especial de organizaci\u00f3n alterna (&#8216;interlocking&#8217;).<\/p>\n<p>El Secretario circul\u00f3 ayer un memorando a todo el personal del DE en el que informa los nuevos horarios de &#8216;los empleados que laboran en las escuelas donde la organizaci\u00f3n escolar se vio afectada por la emergencia&#8217; ocasionada por los terremotos del pasado mes de enero.<\/p>\n<p>En el propuesto horario de &#8216;organizaci\u00f3n alterna&#8217; se asignan horarios de salida a parte del personal no docente hasta las 7:00 pm, algo que no se discuti\u00f3 como una alternativa en las conversaciones sostenidas con el Secretario y sus ayudantes.<\/p>\n<p>&#8216;La imposici\u00f3n de este horario para el reinicio de las labores escolares no es viable, por lo que lo rechazamos y proponemos que busquemos alternativas que no sean onerosas a las y los empleados&#8217;, indic\u00f3 Israel Marrero, vicepresidente del SPT.<\/p>\n<p>El tambien l\u00edder del cap\u00edtulo sindical de tecnicos y empleados de mantenimiento de escuelas se\u00f1al\u00f3 que &#8216;las y los trabajadores no docentes estamos disponibles para ayudar a garantizar el derecho a la educaci\u00f3n de los estudiantes, pero tambien hay que asegurar la salud y la seguridad de los trabajadores&#8217;.<\/p>\n<p>El SPT llam\u00f3 a todo el personal no docente del DE a estar alertas y listos para movilizarse en contra de esta medida y exhort\u00f3 al secretario Hern\u00e1ndez a revisar el horario de salida nocturno propuesto y ajustarlo a una jornada razonable que beneficie a toda la comunidad escolar.<\/p>","protected":false},"excerpt":{"rendered":"<p>Algunos horarios de salida culminan a las 7 pm Empleados del Departamento de Educaci\u00f3n representados por el Sindicato Puertorrique\u00f1o de Trabajadores y Trabajadoras (SPT) rechazaron el horario sugerido por el secretario Eligio Hern\u00e1ndez para las escuelas que operar\u00e1n en el horario especial de organizaci\u00f3n alterna (&#8216;interlocking&#8217;). El Secretario circul\u00f3 ayer un memorando a todo el [&hellip;]<\/p>","protected":false},"author":3,"featured_media":537896,"comment_status":"closed","ping_status":"closed","sticky":false,"template":"","format":"standard","meta":{"_acf_changed":false,"_monsterinsights_skip_tracking":false,"ep_exclude_from_search":false,"footnotes":""},"categories":[12,2],"tags":[],"class_list":["post-621386","post","type-post","status-publish","format-standard","has-post-thumbnail","hentry","category-la-calle","category-ultima-hora"],"acf":[],"aioseo_notices":[],"_links":{"self":[{"href":"https:\/\/noticel.com\/en\/wp-json\/wp\/v2\/posts\/621386","targetHints":{"allow":["GET"]}}],"collection":[{"href":"https:\/\/noticel.com\/en\/wp-json\/wp\/v2\/posts"}],"about":[{"href":"https:\/\/noticel.com\/en\/wp-json\/wp\/v2\/types\/post"}],"author":[{"embeddable":true,"href":"https:\/\/noticel.com\/en\/wp-json\/wp\/v2\/users\/3"}],"replies":[{"embeddable":true,"href":"https:\/\/noticel.com\/en\/wp-json\/wp\/v2\/comments?post=621386"}],"version-history":[{"count":1,"href":"https:\/\/noticel.com\/en\/wp-json\/wp\/v2\/posts\/621386\/revisions"}],"predecessor-version":[{"id":840179,"href":"https:\/\/noticel.com\/en\/wp-json\/wp\/v2\/posts\/621386\/revisions\/840179"}],"wp:featuredmedia":[{"embeddable":true,"href":"https:\/\/noticel.com\/en\/wp-json\/wp\/v2\/media\/537896"}],"wp:attachment":[{"href":"https:\/\/noticel.com\/en\/wp-json\/wp\/v2\/media?parent=621386"}],"wp:term":[{"taxonomy":"category","embeddable":true,"href":"https:\/\/noticel.com\/en\/wp-json\/wp\/v2\/categories?post=621386"},{"taxonomy":"post_tag","embeddable":true,"href":"https:\/\/noticel.com\/en\/wp-json\/wp\/v2\/tags?post=621386"}],"curies":[{"name":"wp","href":"https:\/\/api.w.org\/{rel}","templated":true}]}}