{"id":621295,"date":"2020-02-11T00:00:00","date_gmt":"2020-02-11T04:00:00","guid":{"rendered":"https:\/\/test.noticel.com\/la-calle\/policiacas\/20200211\/accidente-en-four-track-deja-grave-a-un-hombre-de-orocovis\/"},"modified":"2025-08-01T14:59:09","modified_gmt":"2025-08-01T14:59:09","slug":"accidente-en-four-track-deja-grave-a-un-hombre-de-orocovis","status":"publish","type":"post","link":"https:\/\/noticel.com\/en\/noticias\/la-calle\/20200211\/accidente-en-four-track-deja-grave-a-un-hombre-de-orocovis\/","title":{"rendered":"Accidente en &#8216;four track&#8217; deja grave a un hombre de Orocovis"},"content":{"rendered":"<p><i>Fue transportado de cuidado a Centro M\u00e9dico.<\/i><\/p>\n<p>La Polic\u00eda inform\u00f3 el martes, que mediante una llamada al Sistema de Emergencias 9-1-1 se report\u00f3 de un accidente de car\u00e1cter grave de un veh\u00edculo todo terreno &#8216;four tracks&#8217; con un objeto fijo en la carretera PR-157 kil\u00f3metro 6.7 en el Barrio Cacao en el pueblo de Orocovis.<\/p>\n<p>Seg\u00fan el parte policial, result\u00f3 herido de gravedad Cain Latorre Quiles, de 49 a\u00f1os, residente de Orocovis. \u00c9ste fue transportado al Hospital SIM y atendido por el doctor \u00c1ngel Cintr\u00f3n el cual inform\u00f3 que Latorre Quiles ten\u00eda una herida en la cabeza desde la frente hasta el \u00e1rea del cuello y se observaba masa encef\u00e1lica.<\/p><div class=\"notic-content-middle\" id=\"notic-211003418\"><div class=\"notic-adlabel\">Advertisements<\/div><a data-no-instant=\"1\" href=\"https:\/\/www.cst.pr.gov\/\" rel=\"noopener\" class=\"a2t-link\" target=\"_blank\" aria-label=\"970&#215;90\"><img loading=\"lazy\" decoding=\"async\" src=\"https:\/\/cdn.noticel.com\/2026\/09\/02203812\/970x90.jpg\" alt=\"\"  srcset=\"https:\/\/cdn.noticel.com\/2026\/09\/02203812\/970x90.jpg 970w, https:\/\/cdn.noticel.com\/2026\/09\/02203812\/970x90-300x28.jpg 300w, https:\/\/cdn.noticel.com\/2026\/09\/02203812\/970x90-768x71.jpg 768w, https:\/\/cdn.noticel.com\/2026\/09\/02203812\/970x90-18x2.jpg 18w\" sizes=\"(max-width: 970px) 100vw, 970px\" width=\"970\" height=\"90\"   \/><\/a><\/div>\n<p>Se inform\u00f3 que se le transport\u00f3 en ambulancia hacia Centro M\u00e9dico de Rio Piedras en condici\u00f3n de cuidado.<\/p>\n<p>El agente Melecio adscrito al Distrito de Orocovis investigo preliminarmente y refiri\u00f3 a la unidad de Patrullas Carreteras de Aibonito los cuales continuaran con la investigaci\u00f3n.<\/p>","protected":false},"excerpt":{"rendered":"<p>Fue transportado de cuidado a Centro M\u00e9dico. La Polic\u00eda inform\u00f3 el martes, que mediante una llamada al Sistema de Emergencias 9-1-1 se report\u00f3 de un accidente de car\u00e1cter grave de un veh\u00edculo todo terreno &#8216;four tracks&#8217; con un objeto fijo en la carretera PR-157 kil\u00f3metro 6.7 en el Barrio Cacao en el pueblo de Orocovis. [&hellip;]<\/p>","protected":false},"author":3,"featured_media":538051,"comment_status":"closed","ping_status":"closed","sticky":false,"template":"","format":"standard","meta":{"_acf_changed":false,"_monsterinsights_skip_tracking":false,"ep_exclude_from_search":false,"footnotes":""},"categories":[12,15],"tags":[],"class_list":["post-621295","post","type-post","status-publish","format-standard","has-post-thumbnail","hentry","category-la-calle","category-policiacas"],"acf":[],"aioseo_notices":[],"_links":{"self":[{"href":"https:\/\/noticel.com\/en\/wp-json\/wp\/v2\/posts\/621295","targetHints":{"allow":["GET"]}}],"collection":[{"href":"https:\/\/noticel.com\/en\/wp-json\/wp\/v2\/posts"}],"about":[{"href":"https:\/\/noticel.com\/en\/wp-json\/wp\/v2\/types\/post"}],"author":[{"embeddable":true,"href":"https:\/\/noticel.com\/en\/wp-json\/wp\/v2\/users\/3"}],"replies":[{"embeddable":true,"href":"https:\/\/noticel.com\/en\/wp-json\/wp\/v2\/comments?post=621295"}],"version-history":[{"count":1,"href":"https:\/\/noticel.com\/en\/wp-json\/wp\/v2\/posts\/621295\/revisions"}],"predecessor-version":[{"id":840048,"href":"https:\/\/noticel.com\/en\/wp-json\/wp\/v2\/posts\/621295\/revisions\/840048"}],"wp:featuredmedia":[{"embeddable":true,"href":"https:\/\/noticel.com\/en\/wp-json\/wp\/v2\/media\/538051"}],"wp:attachment":[{"href":"https:\/\/noticel.com\/en\/wp-json\/wp\/v2\/media?parent=621295"}],"wp:term":[{"taxonomy":"category","embeddable":true,"href":"https:\/\/noticel.com\/en\/wp-json\/wp\/v2\/categories?post=621295"},{"taxonomy":"post_tag","embeddable":true,"href":"https:\/\/noticel.com\/en\/wp-json\/wp\/v2\/tags?post=621295"}],"curies":[{"name":"wp","href":"https:\/\/api.w.org\/{rel}","templated":true}]}}