{"id":621186,"date":"2020-02-20T00:00:00","date_gmt":"2020-02-20T04:00:00","guid":{"rendered":"https:\/\/test.noticel.com\/ahora\/legislatura\/20200220\/exigen-documentos-sobre-privatizacion-de-puertos-turisticos\/"},"modified":"2025-08-01T14:59:34","modified_gmt":"2025-08-01T14:59:34","slug":"exigen-documentos-sobre-privatizacion-de-puertos-turisticos","status":"publish","type":"post","link":"https:\/\/noticel.com\/en\/ultima-hora\/20200220\/exigen-documentos-sobre-privatizacion-de-puertos-turisticos\/","title":{"rendered":"Exigen documentos sobre privatizaci\u00f3n de puertos tur\u00edsticos"},"content":{"rendered":"<p><i>Angel Matos presenta resoluci\u00f3n para ello<\/i><\/p>\n<p>El representante del Distrito 40 de Carolina, \u00c1ngel Matos Garc\u00eda, inform\u00f3 el jueves que radic\u00f3 la Resoluci\u00f3n de la C\u00e1mara 1724, para exigirle al director de la Autoridad de las Alianzas P\u00fablico Privadas (APP), Ferm\u00edn Fontanet, que entregue todos los contratos, expedientes, documentos, planes e informes relaciones con la privatizaci\u00f3n de los puertos tur\u00edsticos de San Juan.<\/p>\n<p>Asimismo, el representante advirti\u00f3 que ir\u00e1 al foro judicial si la Autoridad se opone a entregar documentos relacionados con el acuerdo con Global Ports Holdings, compa\u00f1\u00eda interesada en administrar los muelles de San Juan.<\/p><div class=\"notic-content-middle\" id=\"notic-2975975190\"><div class=\"notic-adlabel\">Advertisements<\/div><a data-no-instant=\"1\" href=\"https:\/\/www.asegurate-bien.com\/\" rel=\"noopener\" class=\"a2t-link\" target=\"_blank\" aria-label=\"Acodese-Adaptaciones-Noticel-300&#215;250\"><img loading=\"lazy\" decoding=\"async\" src=\"https:\/\/cdn.noticel.com\/2026\/05\/30094423\/Acodese-Adaptaciones-Noticel-300x250-1.jpg\" alt=\"\"  srcset=\"https:\/\/cdn.noticel.com\/2026\/05\/30094423\/Acodese-Adaptaciones-Noticel-300x250-1.jpg 300w, https:\/\/cdn.noticel.com\/2026\/05\/30094423\/Acodese-Adaptaciones-Noticel-300x250-1-14x12.jpg 14w\" sizes=\"(max-width: 300px) 100vw, 300px\" width=\"300\" height=\"250\"   \/><\/a><\/div>\n<p>&#8216;Desde el mes de noviembre estoy denunciando que la alianza p\u00fablico privada propuesta no cuenta con apoyo de la industria y pone en peligro miles de empleos en la isla. De no cumplir con el t\u00e9rmino de cinco d\u00edas establecido en la Resoluci\u00f3n, acudiremos de nuevo al tribunal como lo hicimos con el DMO, pues el pa\u00eds exige transparencia&#8217;, precis\u00f3 Matos Garc\u00eda en comunicaci\u00f3n escrita.<\/p>\n<p>El legislador sostuvo que estas empresas representan el 95 por ciento del universo de pasajeros de la isla.<\/p>\n<p>&#8216;Esta app es un crimen de grandes proporciones, ya no estamos hablando de una l\u00ednea de crucero, ya son cuatros, ma\u00f1ana pueden ser m\u00e1s. Puerto Rico no se puede dar el lujo de perder ning\u00fan visitante m\u00e1s, luego de los huracanes y luego de los temblores. Yo espero durante el d\u00eda de hoy hacer mis haberes para que esto se descargue&#8217;, expres\u00f3 Matos Garc\u00eda.<\/p>","protected":false},"excerpt":{"rendered":"<p>Angel Matos presenta resoluci\u00f3n para ello El representante del Distrito 40 de Carolina, \u00c1ngel Matos Garc\u00eda, inform\u00f3 el jueves que radic\u00f3 la Resoluci\u00f3n de la C\u00e1mara 1724, para exigirle al director de la Autoridad de las Alianzas P\u00fablico Privadas (APP), Ferm\u00edn Fontanet, que entregue todos los contratos, expedientes, documentos, planes e informes relaciones con la [&hellip;]<\/p>","protected":false},"author":3,"featured_media":537405,"comment_status":"closed","ping_status":"closed","sticky":false,"template":"","format":"standard","meta":{"_acf_changed":false,"_monsterinsights_skip_tracking":false,"ep_exclude_from_search":false,"footnotes":""},"categories":[5,2],"tags":[],"class_list":["post-621186","post","type-post","status-publish","format-standard","has-post-thumbnail","hentry","category-legislatura","category-ultima-hora"],"acf":[],"aioseo_notices":[],"_links":{"self":[{"href":"https:\/\/noticel.com\/en\/wp-json\/wp\/v2\/posts\/621186","targetHints":{"allow":["GET"]}}],"collection":[{"href":"https:\/\/noticel.com\/en\/wp-json\/wp\/v2\/posts"}],"about":[{"href":"https:\/\/noticel.com\/en\/wp-json\/wp\/v2\/types\/post"}],"author":[{"embeddable":true,"href":"https:\/\/noticel.com\/en\/wp-json\/wp\/v2\/users\/3"}],"replies":[{"embeddable":true,"href":"https:\/\/noticel.com\/en\/wp-json\/wp\/v2\/comments?post=621186"}],"version-history":[{"count":1,"href":"https:\/\/noticel.com\/en\/wp-json\/wp\/v2\/posts\/621186\/revisions"}],"predecessor-version":[{"id":840209,"href":"https:\/\/noticel.com\/en\/wp-json\/wp\/v2\/posts\/621186\/revisions\/840209"}],"wp:featuredmedia":[{"embeddable":true,"href":"https:\/\/noticel.com\/en\/wp-json\/wp\/v2\/media\/537405"}],"wp:attachment":[{"href":"https:\/\/noticel.com\/en\/wp-json\/wp\/v2\/media?parent=621186"}],"wp:term":[{"taxonomy":"category","embeddable":true,"href":"https:\/\/noticel.com\/en\/wp-json\/wp\/v2\/categories?post=621186"},{"taxonomy":"post_tag","embeddable":true,"href":"https:\/\/noticel.com\/en\/wp-json\/wp\/v2\/tags?post=621186"}],"curies":[{"name":"wp","href":"https:\/\/api.w.org\/{rel}","templated":true}]}}