{"id":62104,"date":"2015-03-03T00:00:00","date_gmt":"2015-03-03T04:00:00","guid":{"rendered":"http:\/\/www.noticel.com\/la-calle\/20150303\/encuentran-madre-e-hija-asesinadas-en-cayey\/"},"modified":"2025-07-22T00:34:15","modified_gmt":"2025-07-22T00:34:15","slug":"encuentran-madre-e-hija-asesinadas-en-cayey","status":"publish","type":"post","link":"https:\/\/noticel.com\/en\/noticias\/la-calle\/20150303\/encuentran-madre-e-hija-asesinadas-en-cayey\/","title":{"rendered":"Encuentran madre e hija asesinadas en Cayey"},"content":{"rendered":"<p>La Polic\u00eda inform\u00f3 el martes, que a eso de las 11:12 de la ma\u00f1ana, un joven encontr\u00f3 a dos mujeres asesinadas en el Municipio de Cayey.<\/p>\n<p>Seg\u00fan la informaci\u00f3n suministrada las v\u00edctimas v\u00edctimas fueron identificadas como Te\u00f3fila Rodr\u00edguez Colon, de 91 a\u00f1os y Abigail D\u00e1vila Rodr\u00edguez, de 60 a\u00f1os, madre e hija. Los cuerpos fueron encontrados en el \u00e1rea de la cocina y en el ba\u00f1o de la residencia.<\/p><div class=\"notic-content-middle\" id=\"notic-3220404611\"><div class=\"notic-adlabel\">Advertisements<\/div><a data-no-instant=\"1\" href=\"https:\/\/www.asegurate-bien.com\/\" rel=\"noopener\" class=\"a2t-link\" target=\"_blank\" aria-label=\"Acodese-Adaptaciones-Noticel-970&#215;250\"><img loading=\"lazy\" decoding=\"async\" src=\"https:\/\/cdn.noticel.com\/2026\/05\/30100504\/Acodese-Adaptaciones-Noticel-970x250-1.jpg\" alt=\"\"  srcset=\"https:\/\/cdn.noticel.com\/2026\/05\/30100504\/Acodese-Adaptaciones-Noticel-970x250-1.jpg 970w, https:\/\/cdn.noticel.com\/2026\/05\/30100504\/Acodese-Adaptaciones-Noticel-970x250-1-300x77.jpg 300w, https:\/\/cdn.noticel.com\/2026\/05\/30100504\/Acodese-Adaptaciones-Noticel-970x250-1-768x198.jpg 768w, https:\/\/cdn.noticel.com\/2026\/05\/30100504\/Acodese-Adaptaciones-Noticel-970x250-1-18x5.jpg 18w\" sizes=\"(max-width: 970px) 100vw, 970px\" width=\"970\" height=\"250\"   \/><\/a><\/div>\n<p>Personal de Homicidios se encuentran entrevistando al nieto Jaime Rodr\u00edguez D\u00e1vila, de 29 a\u00f1os, quien encontr\u00f3 los cuerpos y es la persona de inter\u00e9s en este momento.<\/p>\n<p>El agente Federico Col\u00f3n en uni\u00f3n al fiscal Alfredo Casiano se hicieron cargo de la investigaci\u00f3n. Hasta el momento se desconoce el m\u00f3vil de los hechos.<\/p>","protected":false},"excerpt":{"rendered":"<p>La Polic\u00eda inform\u00f3 el martes, que a eso de las 11:12 de la ma\u00f1ana, un joven encontr\u00f3 a dos mujeres asesinadas en el Municipio de Cayey. Seg\u00fan la informaci\u00f3n suministrada las v\u00edctimas v\u00edctimas fueron identificadas como Te\u00f3fila Rodr\u00edguez Colon, de 91 a\u00f1os y Abigail D\u00e1vila Rodr\u00edguez, de 60 a\u00f1os, madre e hija. Los cuerpos fueron [&hellip;]<\/p>","protected":false},"author":0,"featured_media":550500,"comment_status":"closed","ping_status":"closed","sticky":false,"template":"","format":"standard","meta":{"_acf_changed":false,"_monsterinsights_skip_tracking":false,"ep_exclude_from_search":false,"footnotes":""},"categories":[12],"tags":[],"class_list":["post-62104","post","type-post","status-publish","format-standard","has-post-thumbnail","hentry","category-la-calle"],"acf":[],"aioseo_notices":[],"_links":{"self":[{"href":"https:\/\/noticel.com\/en\/wp-json\/wp\/v2\/posts\/62104","targetHints":{"allow":["GET"]}}],"collection":[{"href":"https:\/\/noticel.com\/en\/wp-json\/wp\/v2\/posts"}],"about":[{"href":"https:\/\/noticel.com\/en\/wp-json\/wp\/v2\/types\/post"}],"replies":[{"embeddable":true,"href":"https:\/\/noticel.com\/en\/wp-json\/wp\/v2\/comments?post=62104"}],"version-history":[{"count":1,"href":"https:\/\/noticel.com\/en\/wp-json\/wp\/v2\/posts\/62104\/revisions"}],"predecessor-version":[{"id":550502,"href":"https:\/\/noticel.com\/en\/wp-json\/wp\/v2\/posts\/62104\/revisions\/550502"}],"wp:featuredmedia":[{"embeddable":true,"href":"https:\/\/noticel.com\/en\/wp-json\/wp\/v2\/media\/550500"}],"wp:attachment":[{"href":"https:\/\/noticel.com\/en\/wp-json\/wp\/v2\/media?parent=62104"}],"wp:term":[{"taxonomy":"category","embeddable":true,"href":"https:\/\/noticel.com\/en\/wp-json\/wp\/v2\/categories?post=62104"},{"taxonomy":"post_tag","embeddable":true,"href":"https:\/\/noticel.com\/en\/wp-json\/wp\/v2\/tags?post=62104"}],"curies":[{"name":"wp","href":"https:\/\/api.w.org\/{rel}","templated":true}]}}