{"id":61951,"date":"2013-06-15T00:00:00","date_gmt":"2013-06-15T04:00:00","guid":{"rendered":"http:\/\/www.noticel.com\/economia\/20130615\/perfil-de-la-economia-creativa-en-puerto-rico\/"},"modified":"2025-08-23T14:02:32","modified_gmt":"2025-08-23T14:02:32","slug":"perfil-de-la-economia-creativa-en-puerto-rico","status":"publish","type":"post","link":"https:\/\/noticel.com\/en\/economia\/20130615\/perfil-de-la-economia-creativa-en-puerto-rico\/","title":{"rendered":"Perfil de la econom\u00eda creativa en Puerto Rico"},"content":{"rendered":"<p>Las artes siempre han procurado su espacio en la econom\u00eda. Sin embargo, uno de sus grandes retos siempre ha sido justificar su importancia, algo que muchas veces termina convirtiendola en un recurso para alg\u00fan otro eje del desarrollo. De esa necesidad surge el discurso de establecer un v\u00ednculo directo entre la creatividad y el desarrollo econ\u00f3mico.<\/p>\n<p>El resultado final ha sido una corriente de investigaci\u00f3n y esfuerzos de pol\u00edtica p\u00fablica para incentivar esto que han llamado &#8216;econom\u00eda creativa&#8217;. En Puerto Rico, como casi siempre, llegamos tarde al baile, y aunque no le resta meritos al esfuerzo, obliga una reflexi\u00f3n profunda.<\/p>\n<p>Para evitar esos errores del pasado con las industrias &#8216;de moda&#8217; que nunca logramos desarrollar adecuadamente (petroqu\u00edmicas, biotecnolog\u00eda, etc.), es necesario entender con profundidad la composici\u00f3n y din\u00e1micas de las industrias creativas. A pesar de que el tema en Puerto Rico est\u00e1 tomando auge, mucha gente todav\u00eda no sabe a ciencia cierta de qu\u00e9 estamos hablando.<\/p>\n<p>Las industrias creativas comprenden un grupo de sectores que tienen su insumo principal en la creatividad y que tienen potencial de generar riqueza a trav\u00e9s de la propiedad intelectual. Pero esa definici\u00f3n no dice mucho, por eso la diversidad de sectores que lo componen. Las Naciones Unidas ha producido varios informes donde &#8216;delimitan&#8217; el sector, que va desde los museos y festivales hasta la publicidad y la arquitectura, pasando por la joyer\u00eda, equipos electr\u00f3nicos, videojuegos, etc. Con una definici\u00f3n tan amplia es muy dif\u00edcil incentivarlo adecuadamente sin discriminar por sectores. Adem\u00e1s, su potencial debe ubicarse en el contexto de la realidad puertorrique\u00f1a (pol\u00edtica, social y econ\u00f3mico) y en el panorama del comercio global.<\/p>\n<p>En Puerto Rico no se han analizado los datos disponibles en torno a estas industrias para que sirva de base en la discusi\u00f3n. Y esto es precisamente lo que se discutir\u00e1 en la presentaci\u00f3n del informe: &#8216;Perfil de la econom\u00eda creativa en Puerto Rico&#8217;. Este informe recoge los datos del Censo Econ\u00f3mico 2007 y el &#8216;Country Business Patterns 2011&#8217;. Con esta informaci\u00f3n se puede hacer una radiograf\u00eda general de las industrias creativas que contribuya a desarrollar una agenda de investigaci\u00f3n sobre el tema.<\/p>\n<p>Quiz\u00e1 lo m\u00e1s importante sea reconocer la amplia gama de sectores que componen la econom\u00eda creativa, algo que de por s\u00ed inclina a cuestionar la utilidad del concepto. En realidad hay muchos sectores con muy poco en com\u00fan: artes, ingenier\u00eda, cine, joyer\u00eda, televisores y radio, publicidad, florister\u00edas, etc. Cada segmento tiene unas din\u00e1micas muy propias. Existen muchas que generan riqueza a trav\u00e9s de la propiedad intelectual, mientras que otras tienen su importancia en que son intensivas en mano de obra.<\/p>\n<p>Otra implicaci\u00f3n importante de ese an\u00e1lisis son las dimensiones a trav\u00e9s de las cuales se manifiesta su impacto. Ser\u00eda un grave error fijarnos metas a base de su aportaci\u00f3n al PIB y el empleo. Mientras algunas aportan \u00fanicamente en lo econ\u00f3mico, otras tienen grandes interacciones con ejes como la educaci\u00f3n y el desarrollo comunitario. De igual forma, muchos sectores creativos afectan indirectamente la productividad en industrias tradicionales. Como hemos planteado en otras ocasiones: si la innovaci\u00f3n es el motor del desarrollo econ\u00f3mico, y la creatividad es el motor de la innovaci\u00f3n, entonces las artes tienen un papel fundamental en todo ese proceso. El objetivo de este informe es hacer disponible informaci\u00f3n que sirva para poner en contexto estas din\u00e1micas.<\/p>\n<p>El informe estar\u00e1 disponible en internet y la presentaci\u00f3n ser\u00e1 el mi\u00e9rcoles 19 de junio de 2013 a las 7pm en la Casa de Cultura Ruth Hern\u00e1ndez en el pueblo de R\u00edo Piedras. Los hallazgos principales ser\u00e1n comentados por el Prof. Alfredo Nieves, Decano Asociado de Comunicaciones en la UMET y la Dra. Mareia Quintero, directora de la Maestr\u00eda en Gesti\u00f3n y Administraci\u00f3n Cultural de la UPR.<\/p>\n<p>Para m\u00e1s detalles, vea <a href=\"http:\/\/www.80grados.net\/perfil-de-la-economia-creativa-en-puerto-rico\/\">80 Grados<\/a>.<\/p>","protected":false},"excerpt":{"rendered":"<p>Las artes siempre han procurado su espacio en la econom\u00eda. Sin embargo, uno de sus grandes retos siempre ha sido justificar su importancia, algo que muchas veces termina convirtiendola en un recurso para alg\u00fan otro eje del desarrollo. De esa necesidad surge el discurso de establecer un v\u00ednculo directo entre la creatividad y el desarrollo [&hellip;]<\/p>","protected":false},"author":0,"featured_media":898686,"comment_status":"closed","ping_status":"closed","sticky":false,"template":"","format":"standard","meta":{"_acf_changed":false,"_monsterinsights_skip_tracking":false,"ep_exclude_from_search":false,"footnotes":""},"categories":[22],"tags":[],"class_list":["post-61951","post","type-post","status-publish","format-standard","has-post-thumbnail","hentry","category-economia"],"acf":[],"aioseo_notices":[],"_links":{"self":[{"href":"https:\/\/noticel.com\/en\/wp-json\/wp\/v2\/posts\/61951","targetHints":{"allow":["GET"]}}],"collection":[{"href":"https:\/\/noticel.com\/en\/wp-json\/wp\/v2\/posts"}],"about":[{"href":"https:\/\/noticel.com\/en\/wp-json\/wp\/v2\/types\/post"}],"replies":[{"embeddable":true,"href":"https:\/\/noticel.com\/en\/wp-json\/wp\/v2\/comments?post=61951"}],"version-history":[{"count":1,"href":"https:\/\/noticel.com\/en\/wp-json\/wp\/v2\/posts\/61951\/revisions"}],"predecessor-version":[{"id":898731,"href":"https:\/\/noticel.com\/en\/wp-json\/wp\/v2\/posts\/61951\/revisions\/898731"}],"wp:featuredmedia":[{"embeddable":true,"href":"https:\/\/noticel.com\/en\/wp-json\/wp\/v2\/media\/898686"}],"wp:attachment":[{"href":"https:\/\/noticel.com\/en\/wp-json\/wp\/v2\/media?parent=61951"}],"wp:term":[{"taxonomy":"category","embeddable":true,"href":"https:\/\/noticel.com\/en\/wp-json\/wp\/v2\/categories?post=61951"},{"taxonomy":"post_tag","embeddable":true,"href":"https:\/\/noticel.com\/en\/wp-json\/wp\/v2\/tags?post=61951"}],"curies":[{"name":"wp","href":"https:\/\/api.w.org\/{rel}","templated":true}]}}