{"id":61900,"date":"2016-05-22T00:00:00","date_gmt":"2016-05-22T04:00:00","guid":{"rendered":"http:\/\/www.noticel.com\/ahora\/gobierno\/la-calle\/policia\/20160522\/conductor-choca-patrulla-que-atendia-accidente-en-el-expreso-las-americas\/"},"modified":"2025-07-27T19:32:01","modified_gmt":"2025-07-27T19:32:01","slug":"conductor-choca-patrulla-que-atendia-accidente-en-el-expreso-las-americas","status":"publish","type":"post","link":"https:\/\/noticel.com\/en\/ultima-hora\/20160522\/conductor-choca-patrulla-que-atendia-accidente-en-el-expreso-las-americas\/","title":{"rendered":"Conductor choca patrulla que atend\u00eda accidente en el Expreso Las Am\u00e9ricas ("},"content":{"rendered":"<p>Un v\u00eddeo difundido en la red muestra el momento en el que una patrulla de la Divisi\u00f3n de Tr\u00e1nsito de San Juan que atend\u00eda hoy, domingo, un accidente de tr\u00e1nsito en el carril reversible del Expreso Las Americas fue golpeada por otro veh\u00edculo que transitaba por la v\u00eda.<\/p>\n<p>El v\u00eddeo,<\/p>\n<p><a href=\"http:\/\/www.tunoticiapr.com\/noticias-policiacas\/1907515991-Video:-Veh\u00edculo-impacta-patrulla-que-atend\u00eda-accidente-en-el-expreso-las-Am\u00e9ricas\">publicado por TuNoticiaPR<\/a>, un portal dedicado mayormente a publicar notas policiacas, muestra a dos agentes atendiendo la escena de un accidente que involucr\u00f3 una guagua Toyota Rav4, color blanca, en el carril reversible. Mientras el t\u00e9cnico de una gr\u00faa se alistaba para mover la guagua, se escucha un golpe. <\/p><div class=\"notic-content-middle\" id=\"notic-3569307752\"><div class=\"notic-adlabel\">Advertisements<\/div><a data-no-instant=\"1\" href=\"https:\/\/qrco.de\/bgxd5v\" rel=\"noopener\" class=\"a2t-link\" target=\"_blank\" aria-label=\"DisplayAds-970&#215;250\"><img loading=\"lazy\" decoding=\"async\" src=\"https:\/\/cdn.noticel.com\/2026\/09\/02200716\/DisplayAds-970x250-1.jpg\" alt=\"\"  srcset=\"https:\/\/cdn.noticel.com\/2026\/09\/02200716\/DisplayAds-970x250-1.jpg 970w, https:\/\/cdn.noticel.com\/2026\/09\/02200716\/DisplayAds-970x250-1-300x77.jpg 300w, https:\/\/cdn.noticel.com\/2026\/09\/02200716\/DisplayAds-970x250-1-768x198.jpg 768w, https:\/\/cdn.noticel.com\/2026\/09\/02200716\/DisplayAds-970x250-1-18x5.jpg 18w\" sizes=\"(max-width: 970px) 100vw, 970px\" width=\"970\" height=\"250\"   \/><\/a><\/div>\n<p> Acto seguido, la c\u00e1mara se mueve y muestra a un autom\u00f3vil negro chocando la patrulla, estacionada con su biombo azul prendido en el carril izquierdo del Expreso en direcci\u00f3n hacia Caguas. <\/p>\n<p> Seg\u00fan inform\u00f3 el agente Ram\u00edrez de la oficina de prensa de la Polic\u00eda de Puerto RIco, el accidente ocurri\u00f3 esta ma\u00f1ana poco despu\u00e9s de la salida a la avenida Am\u00e9rico Miranda y no se report\u00f3 ning\u00fan herido.<\/p>\n<p> *Pendientes a NotiCel para detalles una vez llegue el informe de novedades actualizado de la Uniformada.<\/p>","protected":false},"excerpt":{"rendered":"<p>Un v\u00eddeo difundido en la red muestra el momento en el que una patrulla de la Divisi\u00f3n de Tr\u00e1nsito de San Juan que atend\u00eda hoy, domingo, un accidente de tr\u00e1nsito en el carril reversible del Expreso Las Americas fue golpeada por otro veh\u00edculo que transitaba por la v\u00eda. El v\u00eddeo, publicado por TuNoticiaPR, un portal [&hellip;]<\/p>","protected":false},"author":0,"featured_media":593551,"comment_status":"closed","ping_status":"closed","sticky":false,"template":"","format":"standard","meta":{"_acf_changed":false,"_monsterinsights_skip_tracking":false,"ep_exclude_from_search":false,"footnotes":""},"categories":[4,12,2],"tags":[],"class_list":["post-61900","post","type-post","status-publish","format-standard","has-post-thumbnail","hentry","category-gobierno","category-la-calle","category-ultima-hora"],"acf":[],"aioseo_notices":[],"_links":{"self":[{"href":"https:\/\/noticel.com\/en\/wp-json\/wp\/v2\/posts\/61900","targetHints":{"allow":["GET"]}}],"collection":[{"href":"https:\/\/noticel.com\/en\/wp-json\/wp\/v2\/posts"}],"about":[{"href":"https:\/\/noticel.com\/en\/wp-json\/wp\/v2\/types\/post"}],"replies":[{"embeddable":true,"href":"https:\/\/noticel.com\/en\/wp-json\/wp\/v2\/comments?post=61900"}],"version-history":[{"count":1,"href":"https:\/\/noticel.com\/en\/wp-json\/wp\/v2\/posts\/61900\/revisions"}],"predecessor-version":[{"id":593573,"href":"https:\/\/noticel.com\/en\/wp-json\/wp\/v2\/posts\/61900\/revisions\/593573"}],"wp:featuredmedia":[{"embeddable":true,"href":"https:\/\/noticel.com\/en\/wp-json\/wp\/v2\/media\/593551"}],"wp:attachment":[{"href":"https:\/\/noticel.com\/en\/wp-json\/wp\/v2\/media?parent=61900"}],"wp:term":[{"taxonomy":"category","embeddable":true,"href":"https:\/\/noticel.com\/en\/wp-json\/wp\/v2\/categories?post=61900"},{"taxonomy":"post_tag","embeddable":true,"href":"https:\/\/noticel.com\/en\/wp-json\/wp\/v2\/tags?post=61900"}],"curies":[{"name":"wp","href":"https:\/\/api.w.org\/{rel}","templated":true}]}}