{"id":60796,"date":"2012-07-11T00:00:00","date_gmt":"2012-07-11T04:00:00","guid":{"rendered":"http:\/\/www.noticel.com\/deportes\/20120711\/prospectos-boricuas-de-teloneros-de-papito-y-rafa-marquez\/"},"modified":"2025-08-26T05:47:28","modified_gmt":"2025-08-26T05:47:28","slug":"prospectos-boricuas-de-teloneros-de-papito-y-rafa-marquez","status":"publish","type":"post","link":"https:\/\/noticel.com\/en\/deportes\/20120711\/prospectos-boricuas-de-teloneros-de-papito-y-rafa-marquez\/","title":{"rendered":"Prospectos boricuas de teloneros de &#8216;Papito&#8217; y Rafa M\u00e1rquez"},"content":{"rendered":"<p>Varios prospectos del patio combatir\u00e1n en la cartelera ?La Guerra?, que estelarizar\u00e1n los ex campeones mundiales Wilfredo V\u00e1zquez Jr. y Rafael M\u00e1rquez el s\u00e1bado, 4 de agosto, en el coliseo Rub\u00e9n Rodr\u00edguez de Bayam\u00f3n, Puerto Rico.<\/p>\n<p>Varios prospectos del patio combatir\u00e1n en la cartelera &#8216;La Guerra&#8217;, que estelarizar\u00e1n los ex campeones mundiales Wilfredo V\u00e1zquez Jr. y Rafael M\u00e1rquez el s\u00e1bado, 4 de agosto, en el coliseo Rub\u00e9n Rodr\u00edguez de Bayam\u00f3n, Puerto Rico.<\/p>\n<p>El cartel ser\u00e1 presentado por PR Best Boxing Promotions (PRBBP), en asociaci\u00f3n con All Star Boxing, Top Rank y Promociones Zanfer, que ser\u00e1 transmitido por el sistema de &#8216;Pay Per View&#8217; para todos los sistemas de cable y sat\u00e9lite.<\/p>\n<p>El s\u00e9ptimo clasificado de la Organizaci\u00f3n Mundial de Boxeo (OMB) en el peso supermosca, Juan Mercedes (26-3, 17 KOs), dominicano residente en Puerto Rico, pelear\u00e1 a ocho asaltos ante un rival que se anunciar\u00e1 pr\u00f3ximamente.<\/p>\n<p>&#8216;Tendremos, adem\u00e1s de Juan Mercedes, que est\u00e1 clasificado mundialmente, a los invictos Camilo P\u00e9rez, Israel V\u00e1zquez y John Karl Sosa en acci\u00f3n para completar el programa, que con las peleas titulares ser\u00e1 uno bien interesante para el p\u00fablico. Tambi\u00e9n presentamos una pelea, que debe ser de las m\u00e1s emocionantes de la noche, en la que se enfrentar\u00e1n Osenohad &#8216;Cano&#8217; V\u00e1zquez y Anthony S\u00e1nchez&#8217;, dijo el promotor Iv\u00e1n Rivera, presidente de PRBBP.<\/p><div class=\"notic-content-middle\" id=\"notic-2924995575\"><div class=\"notic-adlabel\">Advertisements<\/div><a data-no-instant=\"1\" href=\"https:\/\/www.asegurate-bien.com\/\" rel=\"noopener\" class=\"a2t-link\" target=\"_blank\" aria-label=\"Acodese-Adaptaciones-Noticel-300&#215;600\"><img loading=\"lazy\" decoding=\"async\" src=\"https:\/\/cdn.noticel.com\/2026\/05\/30094652\/Acodese-Adaptaciones-Noticel-300x600-1.jpg\" alt=\"\"  srcset=\"https:\/\/cdn.noticel.com\/2026\/05\/30094652\/Acodese-Adaptaciones-Noticel-300x600-1.jpg 300w, https:\/\/cdn.noticel.com\/2026\/05\/30094652\/Acodese-Adaptaciones-Noticel-300x600-1-150x300.jpg 150w, https:\/\/cdn.noticel.com\/2026\/05\/30094652\/Acodese-Adaptaciones-Noticel-300x600-1-6x12.jpg 6w\" sizes=\"(max-width: 300px) 100vw, 300px\" width=\"300\" height=\"600\"   \/><\/a><\/div>\n<p>En un choque de dos aguerridos y fuertes gladiadores, el vegabaje\u00f1o Cano V\u00e1zquez (6-1, 2 KOs) intentar\u00e1 conseguir su sexta victoria en l\u00ednea cuando se mida al fornido S\u00e1nchez (5-1, 3 KOs), de Toa Baja, en un encuentro a seis asaltos en un peso de 140 libras.<\/p>\n<p>Por su parte, Camilo P\u00e9rez (7-0, 4 KOs), medallista de oro de los Juegos Centroamericanos y del Caribe 2010, combatir\u00e1 a seis asaltos en el peso supergallo contra un rival por determinarse.<\/p>\n<p>Adem\u00e1s, el fuerte pegador Israel &#8216;El Heredero&#8217; V\u00e1zquez (6-0-2, 5 KOs), hermano de V\u00e1zquez Jr., ver\u00e1 acci\u00f3n a cuatro asaltos y en las 108 libras ante un contrincante por anunciarse.<\/p>\n<p>En otro pleito a cuatro cap\u00edtulos, el prospecto cag\u00fce\u00f1o John Karl Sosa (2-0, 2 KOs) subir\u00e1 al cuadril\u00e1tero para enfrentarse a cuatro rounds y en las 140 libras a un rival por determinarse.<\/p>\n<p>El combate estelar de la noche tendr\u00e1 a Wilfredo V\u00e1zquez Jr. (21-2-1, 18 KOs), ex monarca supergallo de la OMB, frente al ex titular mundial gallo y supergallo M\u00e1rquez (41-7, 37 KOs), por el cetro supergallo Internacional de la OMB a 12 asaltos, mientras que Rom\u00e1n &#8216;Rocky&#8217; Mart\u00ednez (25-1-1, 16 KOs), ex campe\u00f3n junior ligero de la OMB, se medir\u00e1 al azteca Miguel Beltr\u00e1n Jr. (27-1, 17 KOs) por el t\u00edtulo NABO de la OMB en las 130 libras, en un combate eliminatorio mundial en ese peso. En el otro choque del &#8216;Pay Per View&#8217;, el ex ol\u00edmpico McJoe Arroyo (10-0, 5 KOs), medallista de bronce en el Campeonato Mundial de Boxeo Aficionado de 2007, pelear\u00e1 a 10 rounds por el cetro supermosca NABO de la OMB frente al mexicano Miguel Tamayo (12-3-2, 11 KOs).<\/p>","protected":false},"excerpt":{"rendered":"<p>Varios prospectos del patio combatir\u00e1n en la cartelera ?La Guerra?, que estelarizar\u00e1n los ex campeones mundiales Wilfredo V\u00e1zquez Jr. y Rafael M\u00e1rquez el s\u00e1bado, 4 de agosto, en el coliseo Rub\u00e9n Rodr\u00edguez de Bayam\u00f3n, Puerto Rico. Varios prospectos del patio combatir\u00e1n en la cartelera &#8216;La Guerra&#8217;, que estelarizar\u00e1n los ex campeones mundiales Wilfredo V\u00e1zquez Jr. [&hellip;]<\/p>","protected":false},"author":0,"featured_media":913879,"comment_status":"closed","ping_status":"closed","sticky":false,"template":"","format":"standard","meta":{"_acf_changed":false,"_monsterinsights_skip_tracking":false,"ep_exclude_from_search":false,"footnotes":""},"categories":[31],"tags":[],"class_list":["post-60796","post","type-post","status-publish","format-standard","has-post-thumbnail","hentry","category-deportes"],"acf":[],"aioseo_notices":[],"_links":{"self":[{"href":"https:\/\/noticel.com\/en\/wp-json\/wp\/v2\/posts\/60796","targetHints":{"allow":["GET"]}}],"collection":[{"href":"https:\/\/noticel.com\/en\/wp-json\/wp\/v2\/posts"}],"about":[{"href":"https:\/\/noticel.com\/en\/wp-json\/wp\/v2\/types\/post"}],"replies":[{"embeddable":true,"href":"https:\/\/noticel.com\/en\/wp-json\/wp\/v2\/comments?post=60796"}],"version-history":[{"count":1,"href":"https:\/\/noticel.com\/en\/wp-json\/wp\/v2\/posts\/60796\/revisions"}],"predecessor-version":[{"id":913901,"href":"https:\/\/noticel.com\/en\/wp-json\/wp\/v2\/posts\/60796\/revisions\/913901"}],"wp:featuredmedia":[{"embeddable":true,"href":"https:\/\/noticel.com\/en\/wp-json\/wp\/v2\/media\/913879"}],"wp:attachment":[{"href":"https:\/\/noticel.com\/en\/wp-json\/wp\/v2\/media?parent=60796"}],"wp:term":[{"taxonomy":"category","embeddable":true,"href":"https:\/\/noticel.com\/en\/wp-json\/wp\/v2\/categories?post=60796"},{"taxonomy":"post_tag","embeddable":true,"href":"https:\/\/noticel.com\/en\/wp-json\/wp\/v2\/tags?post=60796"}],"curies":[{"name":"wp","href":"https:\/\/api.w.org\/{rel}","templated":true}]}}