{"id":60460,"date":"2013-10-24T00:00:00","date_gmt":"2013-10-24T04:00:00","guid":{"rendered":"http:\/\/www.noticel.com\/la-calle\/20131024\/con-calma-en-la-baldorioty-por-la-plancha-metalica-que-se-volvio-a-salir\/"},"modified":"2025-08-21T08:44:28","modified_gmt":"2025-08-21T08:44:28","slug":"con-calma-en-la-baldorioty-por-la-plancha-metalica-que-se-volvio-a-salir","status":"publish","type":"post","link":"https:\/\/noticel.com\/en\/noticias\/la-calle\/20131024\/con-calma-en-la-baldorioty-por-la-plancha-metalica-que-se-volvio-a-salir\/","title":{"rendered":"Con calma en la Baldorioty por la plancha met\u00e1lica que se volvi\u00f3 a salir"},"content":{"rendered":"<p>Para sumarle a las dif\u00edciles condiciones del tr\u00e1nsito a estas horas de la tarde, un carril de la avenida Baldorioty de Castro permanece cerrado, en direcci\u00f3n de San Juan a Carolina, en el elevado frente a la urbanizaci\u00f3n Los \u00c1ngeles, luego de que se saliera una de las planchas de metal que se hab\u00edan reparado <a href=\"http:\/\/noticel.com\/en\/noticia\/150162\/cerrado-dos-carriles-en-la-baldorioty.html\/\">dos d\u00edas atr\u00e1s<\/a>.<\/p>\n<p>De acuerdo con las autoridades, personal de la Autoridad de Carreteras y Transportaci\u00f3n (ACT) realiza trabajos como resultado de unas planchas de metal desplazadas en ese tramo. Se adelant\u00f3 que el carril central permanecer\u00e1 cerrado por varias horas.<\/p>\n<p>Por otra parte, el tr\u00e1nsito se reporta lento en el expreso De Diego, \u00e1rea de San Juan; y en el expreso Las Am\u00e9ricas, en direcci\u00f3n de Caguas a San Juan.<\/p>\n<p>Contrario a lo que sucede en la autopista Luis A. Ferr\u00e9, esta vez el tap\u00f3n es en direcci\u00f3n de Caguas a San Juan a la altura de Montehiedra. Adem\u00e1s, en el expreso de Diego, en direcci\u00f3n de San Juan a Toa Baja. En Caguas, pesadas las carreteras #1, entre R\u00edo Piedras a Caguas; y la #30, entre Caguas y Gurabo.<\/p>\n<p>De igual modo, se encuentran pesadas la Ramal 8 y la Ruta 66.<\/p>\n<p>Para el sur, pesado en la carretera#2, km 200, en direcci\u00f3n de Guayanilla a Yauco; y en la carretera #14 y #1 entre Ponce y Juana D\u00edaz.<\/p>","protected":false},"excerpt":{"rendered":"<p>Para sumarle a las dif\u00edciles condiciones del tr\u00e1nsito a estas horas de la tarde, un carril de la avenida Baldorioty de Castro permanece cerrado, en direcci\u00f3n de San Juan a Carolina, en el elevado frente a la urbanizaci\u00f3n Los \u00c1ngeles, luego de que se saliera una de las planchas de metal que se hab\u00edan reparado [&hellip;]<\/p>","protected":false},"author":0,"featured_media":884955,"comment_status":"closed","ping_status":"closed","sticky":false,"template":"","format":"standard","meta":{"_acf_changed":false,"_monsterinsights_skip_tracking":false,"ep_exclude_from_search":false,"footnotes":""},"categories":[12],"tags":[],"class_list":["post-60460","post","type-post","status-publish","format-standard","has-post-thumbnail","hentry","category-la-calle"],"acf":[],"aioseo_notices":[],"_links":{"self":[{"href":"https:\/\/noticel.com\/en\/wp-json\/wp\/v2\/posts\/60460","targetHints":{"allow":["GET"]}}],"collection":[{"href":"https:\/\/noticel.com\/en\/wp-json\/wp\/v2\/posts"}],"about":[{"href":"https:\/\/noticel.com\/en\/wp-json\/wp\/v2\/types\/post"}],"replies":[{"embeddable":true,"href":"https:\/\/noticel.com\/en\/wp-json\/wp\/v2\/comments?post=60460"}],"version-history":[{"count":1,"href":"https:\/\/noticel.com\/en\/wp-json\/wp\/v2\/posts\/60460\/revisions"}],"predecessor-version":[{"id":884972,"href":"https:\/\/noticel.com\/en\/wp-json\/wp\/v2\/posts\/60460\/revisions\/884972"}],"wp:featuredmedia":[{"embeddable":true,"href":"https:\/\/noticel.com\/en\/wp-json\/wp\/v2\/media\/884955"}],"wp:attachment":[{"href":"https:\/\/noticel.com\/en\/wp-json\/wp\/v2\/media?parent=60460"}],"wp:term":[{"taxonomy":"category","embeddable":true,"href":"https:\/\/noticel.com\/en\/wp-json\/wp\/v2\/categories?post=60460"},{"taxonomy":"post_tag","embeddable":true,"href":"https:\/\/noticel.com\/en\/wp-json\/wp\/v2\/tags?post=60460"}],"curies":[{"name":"wp","href":"https:\/\/api.w.org\/{rel}","templated":true}]}}