{"id":60323,"date":"2017-11-30T00:00:00","date_gmt":"2017-11-30T04:00:00","guid":{"rendered":"http:\/\/www.noticel.com\/boxeo-caliente\/deportes\/20171130\/sadam-ali-cotto-esta-viniendo-a-mi-territorio\/"},"modified":"2025-07-25T14:07:34","modified_gmt":"2025-07-25T14:07:34","slug":"sadam-ali-cotto-esta-viniendo-a-mi-territorio","status":"publish","type":"post","link":"https:\/\/noticel.com\/en\/deportes\/20171130\/sadam-ali-cotto-esta-viniendo-a-mi-territorio\/","title":{"rendered":"Sadam Ali: &#8216;Cotto est\u00e1 viniendo a mi territorio&#8217;"},"content":{"rendered":"<p><i>El retador de Miguel Cotto busca defender su casa<\/i><\/p>\n<p>Ciudad de Nueva York &#8211; El Madison Square Garden y la ciudad de Nueva York se considera el segundo hogar del p\u00fagil cag\u00fce\u00f1o, Miguel Cotto. Muchos as\u00ed lo indican, a excepci\u00f3n de Sadam Ali, el \u00faltimo oponente en la carrera del puertorrique\u00f1o.<\/p>\n<p>Ali (25-1, 14 KO), quien subir\u00e1 al cuadril\u00e1tero este pr\u00f3ximo s\u00e1bado ante Cotto (41-5, 33 KO) en su retiro del boxeo en la Gran Manzana, buscar\u00e1 defender su territorio. &#8216;Este es mi hogar, yo crec\u00ed aqu\u00ed. Cotto est\u00e1 viniendo a mi territorio&#8217;, expres\u00f3 el boxeador durante su entrenamiento de medios a principios de esta semana.<\/p>\n<p>Cotto est\u00e1 en su decimo combate en el Madison Square Garden, donde solamente ha tenido una derrota, ante Austin Trout en el 2012. Boxeadores como Zab Judah, Antonio Margarito y otros han ca\u00eddo ante el cag\u00fce\u00f1o en ese escenario.<\/p>\n<p>El estadounidense, campe\u00f3n internacional welter de la Asociaci\u00f3n Mundial de Boxeo (AMB), conoce de primera mano las habilidades de Cotto y lo que lo ha distinguido durante su trayectoria, que lo hace merecedor de ser exaltado al Sal\u00f3n de la Fama de boxeo. Ali sabe que tendr\u00e1 que cuidarse del poder que ostenta el boricua.<\/p><div class=\"notic-content-middle\" id=\"notic-331000121\"><div class=\"notic-adlabel\">Advertisements<\/div><a data-no-instant=\"1\" href=\"https:\/\/www.asegurate-bien.com\/\" rel=\"noopener\" class=\"a2t-link\" target=\"_blank\" aria-label=\"Acodese-Adaptaciones-Noticel-300&#215;600\"><img loading=\"lazy\" decoding=\"async\" src=\"https:\/\/cdn.noticel.com\/2026\/05\/30094652\/Acodese-Adaptaciones-Noticel-300x600-1.jpg\" alt=\"\"  srcset=\"https:\/\/cdn.noticel.com\/2026\/05\/30094652\/Acodese-Adaptaciones-Noticel-300x600-1.jpg 300w, https:\/\/cdn.noticel.com\/2026\/05\/30094652\/Acodese-Adaptaciones-Noticel-300x600-1-150x300.jpg 150w, https:\/\/cdn.noticel.com\/2026\/05\/30094652\/Acodese-Adaptaciones-Noticel-300x600-1-6x12.jpg 6w\" sizes=\"(max-width: 300px) 100vw, 300px\" width=\"300\" height=\"600\"   \/><\/a><\/div>\n<p>&#8216;\u00c9l tiene poder, tengo que concentrarme en no quedarme parado. Soy diferente, un poco m\u00e1s boxeador, pero puedo pelear si se necesita, yo tengo mis trucos&#8217;, dijo Ali que tendr\u00e1 la oportunidad de conquistar el t\u00edtulo junior mediano de la Organizaci\u00f3n Mundial de Boxeo (OMB).<\/p>\n<p>Ante eso, conoce las circunstancias que rodean su pr\u00f3xima reyerta y est\u00e1 consciente de lo que tiene que hacer. &#8216;Estoy bien contento por pelea en el Madison Squarte Garden ante una leyenda. Yo se lo que tengo en frente m\u00edo y se a lo que estoy exponiendo. Mi motivaci\u00f3n es estar en HBO, siendo una pelea titular y mi carrera honestamente&#8217;, acot\u00f3.<\/p>\n<p>Su entrenador, Andre Rozier, indic\u00f3 que la oportunidad es \u00fanica. &#8216;Sadam conoce que esta es la oportunidad de la vida. Aceptamos esta pelea sabiendo a lo que nos expon\u00edamos. Sadam est\u00e1 listo, lo ha estado para una pelea como esta&#8217;.<\/p>\n<p>Ali y Cotto estelarizar\u00e1n este pr\u00f3ximo s\u00e1bado la acci\u00f3n que ser\u00e1 televisada en HBO a partir de las 11:00 p.m. en Puerto Rico. Ser\u00e1 el \u00faltimo encuentro del cag\u00fce\u00f1o, quien se despedir\u00e1 del ensogado despues de haber iniciado una carrera en el profesionalismo para el 2001.<\/p>\n<p>La conferencia de prensa previo al evento se celebrar\u00e1 hoy a eso de la 1:00 p.m. en el lugar del combate. Ambos peleadores regresar\u00e1n ma\u00f1ana para el pesaje oficial previo a la acci\u00f3n.<\/p>","protected":false},"excerpt":{"rendered":"<p>El retador de Miguel Cotto busca defender su casa Ciudad de Nueva York &#8211; El Madison Square Garden y la ciudad de Nueva York se considera el segundo hogar del p\u00fagil cag\u00fce\u00f1o, Miguel Cotto. Muchos as\u00ed lo indican, a excepci\u00f3n de Sadam Ali, el \u00faltimo oponente en la carrera del puertorrique\u00f1o. Ali (25-1, 14 KO), [&hellip;]<\/p>","protected":false},"author":0,"featured_media":574418,"comment_status":"closed","ping_status":"closed","sticky":false,"template":"","format":"standard","meta":{"_acf_changed":false,"_monsterinsights_skip_tracking":false,"ep_exclude_from_search":false,"footnotes":""},"categories":[31],"tags":[],"class_list":["post-60323","post","type-post","status-publish","format-standard","has-post-thumbnail","hentry","category-deportes"],"acf":[],"aioseo_notices":[],"_links":{"self":[{"href":"https:\/\/noticel.com\/en\/wp-json\/wp\/v2\/posts\/60323","targetHints":{"allow":["GET"]}}],"collection":[{"href":"https:\/\/noticel.com\/en\/wp-json\/wp\/v2\/posts"}],"about":[{"href":"https:\/\/noticel.com\/en\/wp-json\/wp\/v2\/types\/post"}],"replies":[{"embeddable":true,"href":"https:\/\/noticel.com\/en\/wp-json\/wp\/v2\/comments?post=60323"}],"version-history":[{"count":1,"href":"https:\/\/noticel.com\/en\/wp-json\/wp\/v2\/posts\/60323\/revisions"}],"predecessor-version":[{"id":574447,"href":"https:\/\/noticel.com\/en\/wp-json\/wp\/v2\/posts\/60323\/revisions\/574447"}],"wp:featuredmedia":[{"embeddable":true,"href":"https:\/\/noticel.com\/en\/wp-json\/wp\/v2\/media\/574418"}],"wp:attachment":[{"href":"https:\/\/noticel.com\/en\/wp-json\/wp\/v2\/media?parent=60323"}],"wp:term":[{"taxonomy":"category","embeddable":true,"href":"https:\/\/noticel.com\/en\/wp-json\/wp\/v2\/categories?post=60323"},{"taxonomy":"post_tag","embeddable":true,"href":"https:\/\/noticel.com\/en\/wp-json\/wp\/v2\/tags?post=60323"}],"curies":[{"name":"wp","href":"https:\/\/api.w.org\/{rel}","templated":true}]}}