{"id":60257,"date":"2011-02-03T00:00:00","date_gmt":"2011-02-03T04:00:00","guid":{"rendered":"http:\/\/www.noticel.com\/ahora\/20110203\/regalaron-el-munoz-marin-a-san-juan\/"},"modified":"2025-08-29T07:35:08","modified_gmt":"2025-08-29T07:35:08","slug":"regalaron-el-munoz-marin-a-san-juan","status":"publish","type":"post","link":"https:\/\/noticel.com\/en\/ultima-hora\/20110203\/regalaron-el-munoz-marin-a-san-juan\/","title":{"rendered":"Regalaron el Mu\u00f1oz Mar\u00edn a San Juan"},"content":{"rendered":"<p>La presidenta de la Federaci\u00f3n Central de Trabajadores, Luisa Acevedo, se\u00f1al\u00f3 hoy que el cierre del parque Luis Mu\u00f1oz Mar\u00edn de Hato Rey, anunciado ayer, mi\u00e9rcoles, por la Compa\u00f1\u00eda de Parques Nacionales (CPN) para realizar &#8216;mejoras&#8217;, se debe a que fue &#8216;regalado&#8217; al municipio de San Juan.<\/p>\n<p>Acevedo afirm\u00f3 que la informaci\u00f3n proporcionada por el director ejecutivo de la CPN, Daniel Gal\u00e1n Kercad\u00f3, &#8216;responde a que esa instalaci\u00f3n fue regalada por la legislatura al alcalde de San Juan con el aval de la propia Compa\u00f1\u00eda&#8217;.<\/p>\n<p>Seg\u00fan la sindicalista, en diciembre pasado los legisladores de mayor\u00eda aprobaron el traspaso de este popular parque de recreaci\u00f3n pasiva de Hato Rey al municipio de San Juan &#8216;a t\u00edtulo gratuito&#8217; y junto a otras dos instalaciones: el parque de la Laguna del Condado y el del Tercer Milenio, ambos en la capital.<\/p>\n<p>&#8216;Esta es una acci\u00f3n incre\u00edble e inexplicable, pues le han quitado valiosos activos a la Compa\u00f1\u00eda de Parques Nacionales (CPN), sin contar con los concesionarios, los contratos vigentes y sin tomar en cuenta que hab\u00eda una asignaci\u00f3n de un mill\u00f3n de d\u00f3lares para los arreglos del parque Luis Mu\u00f1oz Mar\u00edn. Se lo han pasado al municipio de San Juan sin cobrar un solo centavo&#8217;, coment\u00f3 Acevedo.<\/p><div class=\"notic-content-middle\" id=\"notic-1137972483\"><div class=\"notic-adlabel\">Advertisements<\/div><a data-no-instant=\"1\" href=\"https:\/\/www.asegurate-bien.com\/\" rel=\"noopener\" class=\"a2t-link\" target=\"_blank\" aria-label=\"Acodese-Adaptaciones-Noticel-728&#215;90\"><img loading=\"lazy\" decoding=\"async\" src=\"https:\/\/cdn.noticel.com\/2026\/07\/30095222\/Acodese-Adaptaciones-Noticel-728x90-1.jpg\" alt=\"\"  srcset=\"https:\/\/cdn.noticel.com\/2026\/07\/30095222\/Acodese-Adaptaciones-Noticel-728x90-1.jpg 728w, https:\/\/cdn.noticel.com\/2026\/07\/30095222\/Acodese-Adaptaciones-Noticel-728x90-1-300x37.jpg 300w, https:\/\/cdn.noticel.com\/2026\/07\/30095222\/Acodese-Adaptaciones-Noticel-728x90-1-18x2.jpg 18w\" sizes=\"(max-width: 728px) 100vw, 728px\" width=\"728\" height=\"90\"   \/><\/a><\/div>\n<p>Seg\u00fan la l\u00edder sindical, &#8216;\u00e9sta es una acci\u00f3n m\u00e1s de parte de esta administraci\u00f3n para ir desmantelando a la CPN y terminar regalando o privatizando sus codiciados activos, que son los parques y centros recreativos, parque pasivos y balnearios p\u00fablicos, que hoy disfrutan las clases asalariadas y menos pudientes del pa\u00eds&#8217;.<\/p>\n<p>Mientras, Gal\u00e1n Kercad\u00f3 asegur\u00f3 ayer, jueves, que el cierre se debe a &#8216;labores de mantenimiento y reparaciones&#8217; y que la medida se tom\u00f3 para &#8216;garantizar la seguridad de la poblaci\u00f3n&#8217;.<\/p>\n<p>&#8216;Hemos cerrado las operaciones en el Parque Luis Mu\u00f1oz Mar\u00edn hasta que se completen las mejoras y podamos garantizar la seguridad que merecen nuestros usuarios y que estamos acostumbrados a ofrecer&#8217;, se\u00f1al\u00f3 el funcionario. INS<\/p>","protected":false},"excerpt":{"rendered":"<p>La presidenta de la Federaci\u00f3n Central de Trabajadores, Luisa Acevedo, se\u00f1al\u00f3 hoy que el cierre del parque Luis Mu\u00f1oz Mar\u00edn de Hato Rey, anunciado ayer, mi\u00e9rcoles, por la Compa\u00f1\u00eda de Parques Nacionales (CPN) para realizar &#8216;mejoras&#8217;, se debe a que fue &#8216;regalado&#8217; al municipio de San Juan. Acevedo afirm\u00f3 que la informaci\u00f3n proporcionada por el [&hellip;]<\/p>","protected":false},"author":0,"featured_media":933209,"comment_status":"closed","ping_status":"closed","sticky":false,"template":"","format":"standard","meta":{"_acf_changed":false,"_monsterinsights_skip_tracking":false,"ep_exclude_from_search":false,"footnotes":""},"categories":[2],"tags":[],"class_list":["post-60257","post","type-post","status-publish","format-standard","has-post-thumbnail","hentry","category-ultima-hora"],"acf":[],"aioseo_notices":[],"_links":{"self":[{"href":"https:\/\/noticel.com\/en\/wp-json\/wp\/v2\/posts\/60257","targetHints":{"allow":["GET"]}}],"collection":[{"href":"https:\/\/noticel.com\/en\/wp-json\/wp\/v2\/posts"}],"about":[{"href":"https:\/\/noticel.com\/en\/wp-json\/wp\/v2\/types\/post"}],"replies":[{"embeddable":true,"href":"https:\/\/noticel.com\/en\/wp-json\/wp\/v2\/comments?post=60257"}],"version-history":[{"count":1,"href":"https:\/\/noticel.com\/en\/wp-json\/wp\/v2\/posts\/60257\/revisions"}],"predecessor-version":[{"id":933211,"href":"https:\/\/noticel.com\/en\/wp-json\/wp\/v2\/posts\/60257\/revisions\/933211"}],"wp:featuredmedia":[{"embeddable":true,"href":"https:\/\/noticel.com\/en\/wp-json\/wp\/v2\/media\/933209"}],"wp:attachment":[{"href":"https:\/\/noticel.com\/en\/wp-json\/wp\/v2\/media?parent=60257"}],"wp:term":[{"taxonomy":"category","embeddable":true,"href":"https:\/\/noticel.com\/en\/wp-json\/wp\/v2\/categories?post=60257"},{"taxonomy":"post_tag","embeddable":true,"href":"https:\/\/noticel.com\/en\/wp-json\/wp\/v2\/tags?post=60257"}],"curies":[{"name":"wp","href":"https:\/\/api.w.org\/{rel}","templated":true}]}}