{"id":60213,"date":"2012-08-13T00:00:00","date_gmt":"2012-08-13T04:00:00","guid":{"rendered":"http:\/\/www.noticel.com\/ahora\/20120813\/inmediato-el-ataque-al-nuevo-candidato-a-la-gobernacion-del-mus\/"},"modified":"2025-08-25T06:50:41","modified_gmt":"2025-08-25T06:50:41","slug":"inmediato-el-ataque-al-nuevo-candidato-a-la-gobernacion-del-mus","status":"publish","type":"post","link":"https:\/\/noticel.com\/en\/ultima-hora\/20120813\/inmediato-el-ataque-al-nuevo-candidato-a-la-gobernacion-del-mus\/","title":{"rendered":"Inmediato el ataque al nuevo candidato a la gobernaci\u00f3n del MUS"},"content":{"rendered":"<p>A minutos de hacer publica su aspiraci\u00f3n, el expresidente del Colegio de Abogados, Arturo Hern\u00e1ndez Gonz\u00e1lez se estren\u00f3 en el juego pol\u00edtico al responder comentarios que hizo la ex presienta de la C\u00e1mara de Representantes, Zaida &#8216;Cucusa&#8217; Hern\u00e1ndez, a trav\u00e9s de su cuenta de Twitter, en los que lo acusaba de haber renunciado a su puesto como presidente del Colegio de Abogados por malversar fondos para comprarle ropa interior a su esposa.<\/p>\n<p>El humorista y uno de los portavoces del MUS Silverio P\u00e9rez aclar\u00f3 de inmediato a la expresidenta de la C\u00e1mara que quien se vi\u00f3 en tal situaci\u00f3n fue el licenciado Arturo D\u00e1vila, no el nuevo candidato, y en la confianza le respondi\u00f3 a trav\u00e9s de Twitter, &#8216;a\u00fan est\u00e1s a tiempo de enmendar&#8217;. P\u00e9rez y Zaida Hern\u00e1ndez se conocen desde que formaban parte del grupo musical Viva la Gente.<\/p>\n<p>Hern\u00e1ndez Gonz\u00e1lez fue escogido en la tarde del domingo como el nuevo candidato a la gobernaci\u00f3n por el Movimiento Uni\u00f3n Soberanista (MUS) de manera casi absoluta por los delegados reunidos en asamblea. De igual forma se decidi\u00f3 que Jos\u00e9(Che)Paralitici, pase a la candidatura de senador por acumulaci\u00f3n que deja vacante Hern\u00e1ndez.<\/p>\n<p>Con una votaci\u00f3n de 182 votos a favor, 2 en contra y 1 abstenido, los delegados acogieron la recomendaci\u00f3n del informe presentado por el Consejo Directivo del MUS para la candidatura del letrado a la gobernaci\u00f3n, as\u00ed como la de Paralitici, hasta hoy candidato a senador por el distrito de San Juan, para el puesto por acumulaci\u00f3n.<\/p>\n<p>Jos\u00e9 Paralitici coment\u00f3 que 6 candidatos fueron entrevistados por el Consejo para la posici\u00f3n, siendo su &#8216;compromiso y su disponibilidad&#8217; los aspectos a los que le dieron mayor peso. Adem\u00e1s record\u00f3 que como el MUS no solicita dinero al fondo electoral, todas sus candidaturas requieren mucho sacrificio.<\/p>\n<p>En declaraciones a NotiCel, el licenciado Hern\u00e1dez se mostr\u00f3 entusiasta con el proceso de participaci\u00f3n de la asamblea que dur\u00f3 poco m\u00e1s de dos horas. &#8216;Realmente fue un proceso de participaci\u00f3n inmensa. Ha sido la asamblea m\u00e1s concurrida&#8217;, dijo.<\/p>\n<p>Acerca de su visi\u00f3n como candidato a la gobernaci\u00f3n, afirm\u00f3 que es una tarea muy ardua y de mucho peso. &#8216;Es muy importante proyectar lo que persigue nuestro movimiento de una pol\u00edtica pulcra, decente, limpia e inmersa en el proceso de descolonizaci\u00f3n de nuestro pa\u00eds&#8217;, concluy\u00f3 el l\u00edder del MUS.<\/p>\n<p>Hern\u00e1ndez, quien fue presidente del Colegio de Abogados del 2008 al 2010, llena la vacante dejada por el doctor Enrique V\u00e1zquez Quintana, quien sorpresivamente present\u00f3 su renuncia el pasado mi\u00e9rcoles.<\/p><div class=\"notic-content-middle\" id=\"notic-94102426\"><div class=\"notic-adlabel\">Advertisements<\/div><a data-no-instant=\"1\" href=\"https:\/\/qrco.de\/bgxd5v\" rel=\"noopener\" class=\"a2t-link\" target=\"_blank\" aria-label=\"300X600-SEBUSCA\"><img loading=\"lazy\" decoding=\"async\" src=\"https:\/\/cdn.noticel.com\/2026\/08\/11172452\/300X600-SEBUSCA.jpg\" alt=\"\"  srcset=\"https:\/\/cdn.noticel.com\/2026\/08\/11172452\/300X600-SEBUSCA.jpg 300w, https:\/\/cdn.noticel.com\/2026\/08\/11172452\/300X600-SEBUSCA-150x300.jpg 150w, https:\/\/cdn.noticel.com\/2026\/08\/11172452\/300X600-SEBUSCA-6x12.jpg 6w\" sizes=\"(max-width: 300px) 100vw, 300px\" width=\"300\" height=\"600\"   \/><\/a><\/div>\n<p>Al &#8216;tuit&#8217; de Cucusa Hern\u00e1ndez atac\u00e1ndolo, Hern\u00e1ndez Gonz\u00e1lez respondi\u00f3 con una corta carcajada y se\u00f1al\u00f3 que &#8216;es probable que confundi\u00f3 el apellido. Quiz\u00e1s se refiere a otro que tiene el mismo nombre, pero de quien habl\u00f3 no fue de mi&#8217;.<\/p>\n<p>Sobre su pasada rivalidad por la presidencia del Colegio de Abogados con su ahora compa\u00f1era de papeleta y candidata a la comisar\u00eda residente, Mar\u00eda Lourdes Guzm\u00e1n, el licenciado dijo que &#8216;ahora est\u00e1n unidos por el bien de pa\u00eds&#8217; y a\u00f1adi\u00f3 que el recuerdo que tiene es que la competencia fue una &#8216;con cooperaci\u00f3n, cortes\u00eda y elegancia&#8217;.<\/p>\n<p>Hern\u00e1ndez no quiso comparar su estilo al del Dr. V\u00e1zquez Quintana y se\u00f1al\u00f3 tener su mismo compromiso y seguir la misma agenda a favor de los ideales del MUS.<\/p>\n<p>El candidato a la gobernaci\u00f3n dijo que a una semana del refer\u00e9ndum redoblar\u00e1 los esfuerzos para favorecer el &#8216;No&#8217; tanto para la reducci\u00f3n del derecho a la fianza como para la reducci\u00f3n de los esca\u00f1os legislativos.<\/p>\n<p>Hern\u00e1ndez fue elocuente y se mostr\u00f3 muy c\u00f3modo al hacer el anuncio. El abogado indic\u00f3 que su nombre antes se hab\u00eda considerado para la candidatura.<\/p>\n<p>Para leer la historia sobre el &#8216;tuit&#8217; de Cucusa Hern\u00e1ndez pulse el siguiente enlace:<\/p>\n<p><a href=\"https:\/\/noticel.com\/en\/noticia\/128675\/cucusa-sigue-quemandose-en-twitter.html\/\" target=\"_blank\">Cucusa sigue quem\u00e1ndose en Twitter<\/a><\/p>","protected":false},"excerpt":{"rendered":"<p>A minutos de hacer publica su aspiraci\u00f3n, el expresidente del Colegio de Abogados, Arturo Hern\u00e1ndez Gonz\u00e1lez se estren\u00f3 en el juego pol\u00edtico al responder comentarios que hizo la ex presienta de la C\u00e1mara de Representantes, Zaida &#8216;Cucusa&#8217; Hern\u00e1ndez, a trav\u00e9s de su cuenta de Twitter, en los que lo acusaba de haber renunciado a su [&hellip;]<\/p>","protected":false},"author":0,"featured_media":908865,"comment_status":"closed","ping_status":"closed","sticky":false,"template":"","format":"standard","meta":{"_acf_changed":false,"_monsterinsights_skip_tracking":false,"ep_exclude_from_search":false,"footnotes":""},"categories":[2],"tags":[],"class_list":["post-60213","post","type-post","status-publish","format-standard","has-post-thumbnail","hentry","category-ultima-hora"],"acf":[],"aioseo_notices":[],"_links":{"self":[{"href":"https:\/\/noticel.com\/en\/wp-json\/wp\/v2\/posts\/60213","targetHints":{"allow":["GET"]}}],"collection":[{"href":"https:\/\/noticel.com\/en\/wp-json\/wp\/v2\/posts"}],"about":[{"href":"https:\/\/noticel.com\/en\/wp-json\/wp\/v2\/types\/post"}],"replies":[{"embeddable":true,"href":"https:\/\/noticel.com\/en\/wp-json\/wp\/v2\/comments?post=60213"}],"version-history":[{"count":1,"href":"https:\/\/noticel.com\/en\/wp-json\/wp\/v2\/posts\/60213\/revisions"}],"predecessor-version":[{"id":908905,"href":"https:\/\/noticel.com\/en\/wp-json\/wp\/v2\/posts\/60213\/revisions\/908905"}],"wp:featuredmedia":[{"embeddable":true,"href":"https:\/\/noticel.com\/en\/wp-json\/wp\/v2\/media\/908865"}],"wp:attachment":[{"href":"https:\/\/noticel.com\/en\/wp-json\/wp\/v2\/media?parent=60213"}],"wp:term":[{"taxonomy":"category","embeddable":true,"href":"https:\/\/noticel.com\/en\/wp-json\/wp\/v2\/categories?post=60213"},{"taxonomy":"post_tag","embeddable":true,"href":"https:\/\/noticel.com\/en\/wp-json\/wp\/v2\/tags?post=60213"}],"curies":[{"name":"wp","href":"https:\/\/api.w.org\/{rel}","templated":true}]}}