{"id":59874,"date":"2014-12-18T00:00:00","date_gmt":"2014-12-18T04:00:00","guid":{"rendered":"http:\/\/www.noticel.com\/la-calle\/20141218\/vela-ocasiona-incendio-en-apartamento-de-bayamon\/"},"modified":"2025-08-17T12:08:59","modified_gmt":"2025-08-17T12:08:59","slug":"vela-ocasiona-incendio-en-apartamento-de-bayamon","status":"publish","type":"post","link":"https:\/\/noticel.com\/en\/noticias\/la-calle\/20141218\/vela-ocasiona-incendio-en-apartamento-de-bayamon\/","title":{"rendered":"Vela ocasiona incendio en apartamento de Bayam\u00f3n"},"content":{"rendered":"<p>Una vela colocada sobre una mesa de madera en una habitaci\u00f3n de un apartamento en Bayam\u00f3n ocasion\u00f3 un incendio la ma\u00f1ana del jueves que dej\u00f3 perdidas estimadas en 1,500 d\u00f3lares, informaron las autoridades.<\/p>\n<p>&#8216;Cerca de las 9:48 de la ma\u00f1ana de hoy, los bomberos de Bayam\u00f3n reciben una llamada alertando de un incendio de residencia en la urbanizaci\u00f3n La Milagrosa. Cuando los bomberos llegaron al lugar tuvieron que romper dos candados ya que en la misma no hab\u00eda nadie&#8217;, dijo en un comunicado el comandante F\u00e9lix Morales Alverio, jefe de los bomberos en la zona metropolitana.<\/p>\n<p>Indic\u00f3 que el fuego fue causado por una vela que la inquilina identificada como Gloria Bauza Torres, se le olvid\u00f3 apagar cuando sali\u00f3 de su apartamento y que hab\u00eda colocado sobre una mesa de noche de madera en la residencia ubicada en la calle 6 P-10 de la extensi\u00f3n La Milagrosa propiedad de Mercedes Peguero.<\/p><div class=\"notic-content-middle\" id=\"notic-151266780\"><div class=\"notic-adlabel\">Advertisements<\/div><a data-no-instant=\"1\" href=\"https:\/\/www.asegurate-bien.com\/\" rel=\"noopener\" class=\"a2t-link\" target=\"_blank\" aria-label=\"Acodese-Adaptaciones-Noticel-300&#215;250\"><img loading=\"lazy\" decoding=\"async\" src=\"https:\/\/cdn.noticel.com\/2026\/05\/30094423\/Acodese-Adaptaciones-Noticel-300x250-1.jpg\" alt=\"\"  srcset=\"https:\/\/cdn.noticel.com\/2026\/05\/30094423\/Acodese-Adaptaciones-Noticel-300x250-1.jpg 300w, https:\/\/cdn.noticel.com\/2026\/05\/30094423\/Acodese-Adaptaciones-Noticel-300x250-1-14x12.jpg 14w\" sizes=\"(max-width: 300px) 100vw, 300px\" width=\"300\" height=\"250\"   \/><\/a><\/div>\n<p>Se\u00f1al\u00f3, que el incendio fue extinguido por los bomberos Gilberto Cruz P\u00e9rez, Mario Amador Losada, Edgar Rodr\u00edguez Guzm\u00e1n y Karla Rivera Rol\u00f3n, bajo la supervisi\u00f3n de los tenientes \u00c1ngel Berrios Colon y Jorge Ortiz Reyes. Afortunadamente nadie result\u00f3 lesionado o afectado por el humo, mientras las p\u00e9rdidas fueron estimadas en 1,500 d\u00f3lares.<\/p>\n<p>El jefe del Cuerpo de Bomberos de Puerto Rico, \u00c1ngel Crespo Ortiz, record\u00f3 el peligro que conlleva &#8216;tener velas o artefactos de llama abierta sin tomar las medidas de prevenci\u00f3n b\u00e1sicas, tales como evitar colocar las mismas sobre superficies de madera, sobre manteles, en \u00e1rea donde haya material combustible como papeles o cortinas&#8217;.<\/p>","protected":false},"excerpt":{"rendered":"<p>Una vela colocada sobre una mesa de madera en una habitaci\u00f3n de un apartamento en Bayam\u00f3n ocasion\u00f3 un incendio la ma\u00f1ana del jueves que dej\u00f3 perdidas estimadas en 1,500 d\u00f3lares, informaron las autoridades. &#8216;Cerca de las 9:48 de la ma\u00f1ana de hoy, los bomberos de Bayam\u00f3n reciben una llamada alertando de un incendio de residencia [&hellip;]<\/p>","protected":false},"author":0,"featured_media":857967,"comment_status":"closed","ping_status":"closed","sticky":false,"template":"","format":"standard","meta":{"_acf_changed":false,"_monsterinsights_skip_tracking":false,"ep_exclude_from_search":false,"footnotes":""},"categories":[12],"tags":[],"class_list":["post-59874","post","type-post","status-publish","format-standard","has-post-thumbnail","hentry","category-la-calle"],"acf":[],"aioseo_notices":[],"_links":{"self":[{"href":"https:\/\/noticel.com\/en\/wp-json\/wp\/v2\/posts\/59874","targetHints":{"allow":["GET"]}}],"collection":[{"href":"https:\/\/noticel.com\/en\/wp-json\/wp\/v2\/posts"}],"about":[{"href":"https:\/\/noticel.com\/en\/wp-json\/wp\/v2\/types\/post"}],"replies":[{"embeddable":true,"href":"https:\/\/noticel.com\/en\/wp-json\/wp\/v2\/comments?post=59874"}],"version-history":[{"count":1,"href":"https:\/\/noticel.com\/en\/wp-json\/wp\/v2\/posts\/59874\/revisions"}],"predecessor-version":[{"id":858009,"href":"https:\/\/noticel.com\/en\/wp-json\/wp\/v2\/posts\/59874\/revisions\/858009"}],"wp:featuredmedia":[{"embeddable":true,"href":"https:\/\/noticel.com\/en\/wp-json\/wp\/v2\/media\/857967"}],"wp:attachment":[{"href":"https:\/\/noticel.com\/en\/wp-json\/wp\/v2\/media?parent=59874"}],"wp:term":[{"taxonomy":"category","embeddable":true,"href":"https:\/\/noticel.com\/en\/wp-json\/wp\/v2\/categories?post=59874"},{"taxonomy":"post_tag","embeddable":true,"href":"https:\/\/noticel.com\/en\/wp-json\/wp\/v2\/tags?post=59874"}],"curies":[{"name":"wp","href":"https:\/\/api.w.org\/{rel}","templated":true}]}}