{"id":59383,"date":"2017-10-16T00:00:00","date_gmt":"2017-10-16T04:00:00","guid":{"rendered":"http:\/\/www.noticel.com\/la-calle\/20171016\/nina-muere-tras-caerle-porton-encima\/"},"modified":"2025-07-26T16:34:35","modified_gmt":"2025-07-26T16:34:35","slug":"nina-muere-tras-caerle-porton-encima","status":"publish","type":"post","link":"https:\/\/noticel.com\/en\/noticias\/la-calle\/20171016\/nina-muere-tras-caerle-porton-encima\/","title":{"rendered":"Ni\u00f1a muere tras caerle port\u00f3n encima"},"content":{"rendered":"<p><i>Ocurri\u00f3 el domingo en Barranquitas<\/i><\/p>\n<p>Una ni\u00f1a de seis a\u00f1os de edad muri\u00f3 ayer, domingo, luego que un port\u00f3n le cayera encima.<\/p>\n<p>Seg\u00fan report\u00f3 la Polic\u00eda hoy, el incidente ocurri\u00f3 en la tarde en el barrio Honduras carretera 156 en Barranquitas, mientras la menor intentaba cerrar el port\u00f3n.<\/p>\n<p>La ni\u00f1a fue identificada como Camila Ortiz Ortiz y su muerte fue certificada en el Hospital Menonitas del mismo municipio.<\/p>","protected":false},"excerpt":{"rendered":"<p>Ocurri\u00f3 el domingo en Barranquitas Una ni\u00f1a de seis a\u00f1os de edad muri\u00f3 ayer, domingo, luego que un port\u00f3n le cayera encima. Seg\u00fan report\u00f3 la Polic\u00eda hoy, el incidente ocurri\u00f3 en la tarde en el barrio Honduras carretera 156 en Barranquitas, mientras la menor intentaba cerrar el port\u00f3n. La ni\u00f1a fue identificada como Camila Ortiz [&hellip;]<\/p>","protected":false},"author":0,"featured_media":584015,"comment_status":"closed","ping_status":"closed","sticky":false,"template":"","format":"standard","meta":{"_acf_changed":false,"_monsterinsights_skip_tracking":false,"ep_exclude_from_search":false,"footnotes":""},"categories":[12],"tags":[],"class_list":["post-59383","post","type-post","status-publish","format-standard","has-post-thumbnail","hentry","category-la-calle"],"acf":[],"aioseo_notices":[],"_links":{"self":[{"href":"https:\/\/noticel.com\/en\/wp-json\/wp\/v2\/posts\/59383","targetHints":{"allow":["GET"]}}],"collection":[{"href":"https:\/\/noticel.com\/en\/wp-json\/wp\/v2\/posts"}],"about":[{"href":"https:\/\/noticel.com\/en\/wp-json\/wp\/v2\/types\/post"}],"replies":[{"embeddable":true,"href":"https:\/\/noticel.com\/en\/wp-json\/wp\/v2\/comments?post=59383"}],"version-history":[{"count":1,"href":"https:\/\/noticel.com\/en\/wp-json\/wp\/v2\/posts\/59383\/revisions"}],"predecessor-version":[{"id":584034,"href":"https:\/\/noticel.com\/en\/wp-json\/wp\/v2\/posts\/59383\/revisions\/584034"}],"wp:featuredmedia":[{"embeddable":true,"href":"https:\/\/noticel.com\/en\/wp-json\/wp\/v2\/media\/584015"}],"wp:attachment":[{"href":"https:\/\/noticel.com\/en\/wp-json\/wp\/v2\/media?parent=59383"}],"wp:term":[{"taxonomy":"category","embeddable":true,"href":"https:\/\/noticel.com\/en\/wp-json\/wp\/v2\/categories?post=59383"},{"taxonomy":"post_tag","embeddable":true,"href":"https:\/\/noticel.com\/en\/wp-json\/wp\/v2\/tags?post=59383"}],"curies":[{"name":"wp","href":"https:\/\/api.w.org\/{rel}","templated":true}]}}