{"id":59377,"date":"2016-09-21T00:00:00","date_gmt":"2016-09-21T04:00:00","guid":{"rendered":"http:\/\/www.noticel.com\/el-tiempo\/la-calle\/20160921\/condiciones-atmosfericas-tranquilas\/"},"modified":"2025-07-26T12:23:53","modified_gmt":"2025-07-26T12:23:53","slug":"condiciones-atmosfericas-tranquilas","status":"publish","type":"post","link":"https:\/\/noticel.com\/en\/noticias\/la-calle\/20160921\/condiciones-atmosfericas-tranquilas\/","title":{"rendered":"Condiciones atmosf\u00e9ricas tranquilas"},"content":{"rendered":"<p>El Servicio Nacional de Meteorolog\u00eda (SNM) pronostic\u00f3 que se esperan condiciones atmosfericas bastante tranquilas a traves de las islas durante la ma\u00f1ana.<\/p>\n<p>Para esta tarde, humedad disponible, el calor diurno y los efectos locales se combinaran para producir actividad de aguaceros y tronadas a lo largo del sur de la Cordillera Central y el oeste de Puerto Rico.<\/p>\n<p>Los vientos estar\u00e1n mayormente del norte a noreste durante los pr\u00f3ximos d\u00edas a medida que la depresi\u00f3n Tropical Karl se mueva hacia el noreste de las islas.<\/p>\n<p>A trav\u00e9s de las aguas regionales, los navegantes pueden continuar esperando condiciones mar\u00edtimas tranquilas con oleaje de cinco pies o menos y vientos del norte a noreste entre cinco y 15 nudos.<\/p>\n<p>El cielo estuvo de despejado a parcialmente nublado a trav\u00e9s de las islas locales durante la noche. Se observaron aguaceros de aislados a dispersos a trav\u00e9s de las aguas con algunos movi\u00e9ndose sobre las \u00e1reas costeras del este y norte de Puerto Rico.<\/p>\n<p>Las temperaturas durante la noche estuvieron en los medios 70 a los bajos 80 grados a trav\u00e9s de las \u00e1reas costeras y los vientos estuvieron leves y variables.<\/p>","protected":false},"excerpt":{"rendered":"<p>El Servicio Nacional de Meteorolog\u00eda (SNM) pronostic\u00f3 que se esperan condiciones atmosfericas bastante tranquilas a traves de las islas durante la ma\u00f1ana. Para esta tarde, humedad disponible, el calor diurno y los efectos locales se combinaran para producir actividad de aguaceros y tronadas a lo largo del sur de la Cordillera Central y el oeste [&hellip;]<\/p>","protected":false},"author":0,"featured_media":582514,"comment_status":"closed","ping_status":"closed","sticky":false,"template":"","format":"standard","meta":{"_acf_changed":false,"_monsterinsights_skip_tracking":false,"ep_exclude_from_search":false,"footnotes":""},"categories":[18,12],"tags":[],"class_list":["post-59377","post","type-post","status-publish","format-standard","has-post-thumbnail","hentry","category-el-tiempo","category-la-calle"],"acf":[],"aioseo_notices":[],"_links":{"self":[{"href":"https:\/\/noticel.com\/en\/wp-json\/wp\/v2\/posts\/59377","targetHints":{"allow":["GET"]}}],"collection":[{"href":"https:\/\/noticel.com\/en\/wp-json\/wp\/v2\/posts"}],"about":[{"href":"https:\/\/noticel.com\/en\/wp-json\/wp\/v2\/types\/post"}],"replies":[{"embeddable":true,"href":"https:\/\/noticel.com\/en\/wp-json\/wp\/v2\/comments?post=59377"}],"version-history":[{"count":1,"href":"https:\/\/noticel.com\/en\/wp-json\/wp\/v2\/posts\/59377\/revisions"}],"predecessor-version":[{"id":582534,"href":"https:\/\/noticel.com\/en\/wp-json\/wp\/v2\/posts\/59377\/revisions\/582534"}],"wp:featuredmedia":[{"embeddable":true,"href":"https:\/\/noticel.com\/en\/wp-json\/wp\/v2\/media\/582514"}],"wp:attachment":[{"href":"https:\/\/noticel.com\/en\/wp-json\/wp\/v2\/media?parent=59377"}],"wp:term":[{"taxonomy":"category","embeddable":true,"href":"https:\/\/noticel.com\/en\/wp-json\/wp\/v2\/categories?post=59377"},{"taxonomy":"post_tag","embeddable":true,"href":"https:\/\/noticel.com\/en\/wp-json\/wp\/v2\/tags?post=59377"}],"curies":[{"name":"wp","href":"https:\/\/api.w.org\/{rel}","templated":true}]}}