{"id":5882,"date":"2019-06-04T00:00:00","date_gmt":"2019-06-04T04:00:00","guid":{"rendered":"https:\/\/test.noticel.com\/a-viajar\/ahora\/mundo\/politica\/vida\/20190604\/ee-uu-prohibe-los-viajes-en-crucero-a-cuba\/"},"modified":"2025-08-27T22:36:56","modified_gmt":"2025-08-27T22:36:56","slug":"ee-uu-prohibe-los-viajes-en-crucero-a-cuba","status":"publish","type":"post","link":"https:\/\/noticel.com\/en\/ultima-hora\/20190604\/ee-uu-prohibe-los-viajes-en-crucero-a-cuba\/","title":{"rendered":"EE.UU. proh\u00edbe los viajes en crucero a Cuba"},"content":{"rendered":"<p><i>Nueva disposici\u00f3n del Dep. de Estado<\/i><\/p>\n<p>El Gobierno de EE.UU. anunci\u00f3 hoy que prohibir\u00e1 los viajes en crucero a Cuba, lo que asesta un gran golpe a la econom\u00eda cubana y a esa pujante industria que hab\u00eda crecido desde el deshielo iniciado en 2014.<\/p><div class=\"notic-content-middle\" id=\"notic-812487335\"><div class=\"notic-adlabel\">Advertisements<\/div><a data-no-instant=\"1\" href=\"https:\/\/qrco.de\/bgxd5v\" rel=\"noopener\" class=\"a2t-link\" target=\"_blank\" aria-label=\"300X600-SEBUSCA2\"><img loading=\"lazy\" decoding=\"async\" src=\"https:\/\/cdn.noticel.com\/2026\/09\/02194415\/300X600-SEBUSCA2.jpg\" alt=\"\"  srcset=\"https:\/\/cdn.noticel.com\/2026\/09\/02194415\/300X600-SEBUSCA2.jpg 300w, https:\/\/cdn.noticel.com\/2026\/09\/02194415\/300X600-SEBUSCA2-150x300.jpg 150w, https:\/\/cdn.noticel.com\/2026\/09\/02194415\/300X600-SEBUSCA2-6x12.jpg 6w\" sizes=\"(max-width: 300px) 100vw, 300px\" width=\"300\" height=\"600\"   \/><\/a><\/div>\n<p>El Departamento de Estado especific\u00f3 en un comunicado que &#8216;EE.UU. no permitir\u00e1 las visitas a Cuba a trav\u00e9s de embarcaciones de pasajeros y embarcaciones recreativas, incluidos cruceros y yates, as\u00ed como aviones privados y corporativos&#8217;.<\/p>\n<p>A pesar de las nuevas restricciones, los vuelos comerciales podr\u00e1n seguir operando entre EE.UU. y Cuba.<\/p>","protected":false},"excerpt":{"rendered":"<p>Nueva disposici\u00f3n del Dep. de Estado El Gobierno de EE.UU. anunci\u00f3 hoy que prohibir\u00e1 los viajes en crucero a Cuba, lo que asesta un gran golpe a la econom\u00eda cubana y a esa pujante industria que hab\u00eda crecido desde el deshielo iniciado en 2014. El Departamento de Estado especific\u00f3 en un comunicado que &#8216;EE.UU. no [&hellip;]<\/p>","protected":false},"author":100,"featured_media":546172,"comment_status":"closed","ping_status":"closed","sticky":false,"template":"","format":"standard","meta":{"_acf_changed":false,"_monsterinsights_skip_tracking":false,"ep_exclude_from_search":false,"footnotes":""},"categories":[17,7,2,69],"tags":[],"class_list":["post-5882","post","type-post","status-publish","format-standard","has-post-thumbnail","hentry","category-mundo","category-politica","category-ultima-hora","category-vida-y-bienestar"],"acf":[],"aioseo_notices":[],"_links":{"self":[{"href":"https:\/\/noticel.com\/en\/wp-json\/wp\/v2\/posts\/5882","targetHints":{"allow":["GET"]}}],"collection":[{"href":"https:\/\/noticel.com\/en\/wp-json\/wp\/v2\/posts"}],"about":[{"href":"https:\/\/noticel.com\/en\/wp-json\/wp\/v2\/types\/post"}],"author":[{"embeddable":true,"href":"https:\/\/noticel.com\/en\/wp-json\/wp\/v2\/users\/100"}],"replies":[{"embeddable":true,"href":"https:\/\/noticel.com\/en\/wp-json\/wp\/v2\/comments?post=5882"}],"version-history":[{"count":1,"href":"https:\/\/noticel.com\/en\/wp-json\/wp\/v2\/posts\/5882\/revisions"}],"predecessor-version":[{"id":546174,"href":"https:\/\/noticel.com\/en\/wp-json\/wp\/v2\/posts\/5882\/revisions\/546174"}],"wp:featuredmedia":[{"embeddable":true,"href":"https:\/\/noticel.com\/en\/wp-json\/wp\/v2\/media\/546172"}],"wp:attachment":[{"href":"https:\/\/noticel.com\/en\/wp-json\/wp\/v2\/media?parent=5882"}],"wp:term":[{"taxonomy":"category","embeddable":true,"href":"https:\/\/noticel.com\/en\/wp-json\/wp\/v2\/categories?post=5882"},{"taxonomy":"post_tag","embeddable":true,"href":"https:\/\/noticel.com\/en\/wp-json\/wp\/v2\/tags?post=5882"}],"curies":[{"name":"wp","href":"https:\/\/api.w.org\/{rel}","templated":true}]}}