{"id":58525,"date":"2011-01-10T00:00:00","date_gmt":"2011-01-10T04:00:00","guid":{"rendered":"http:\/\/www.noticel.com\/vida\/20110110\/ricky-estrena-video\/"},"modified":"2025-08-29T19:21:26","modified_gmt":"2025-08-29T19:21:26","slug":"ricky-estrena-video","status":"publish","type":"post","link":"https:\/\/noticel.com\/en\/vida-y-bienestar\/20110110\/ricky-estrena-video\/","title":{"rendered":"Ricky estrena v\u00eddeo"},"content":{"rendered":"<p><i>Ricky estrena v\u00eddeo<\/i><\/p>\n<p>\u00abLo mejor de mi vida eres tu\u00bb es el v\u00eddeo que presenta el cantante ma\u00f1ana martes en \u00abPrimer Impacto\u00bb de Univisi\u00f3n.<\/p>\n<p>El astro puertorrique\u00f1o Ricky Martin confirm\u00f3 hoy que estrenar\u00e1 su v\u00eddeo \u00abLo mejor de mi vida eres t\u00fa\u00bb durante la transmisi\u00f3n del programa \u00abPrimer impacto\u00bb, de la Cadena Univisi\u00f3n.<\/p>\n<p>Martin indic\u00f3, en un alerta de medios enviado por la empresa de relaciones p\u00fablicas Rondene, que el lanzamiento ser\u00e1 ma\u00f1ana, martes, en el horario de las 5:00 de la tarde. En Puerto Rico, \u00abPrimer impacto\u00bb se puede sintonizar a las 11:30 de la noche.<\/p><div class=\"notic-content-middle\" id=\"notic-194202330\"><div class=\"notic-adlabel\">Advertisements<\/div><a data-no-instant=\"1\" href=\"https:\/\/www.asegurate-bien.com\/\" rel=\"noopener\" class=\"a2t-link\" target=\"_blank\" aria-label=\"Acodese-Adaptaciones-Noticel-300&#215;600\"><img loading=\"lazy\" decoding=\"async\" src=\"https:\/\/cdn.noticel.com\/2026\/05\/30094652\/Acodese-Adaptaciones-Noticel-300x600-1.jpg\" alt=\"\"  srcset=\"https:\/\/cdn.noticel.com\/2026\/05\/30094652\/Acodese-Adaptaciones-Noticel-300x600-1.jpg 300w, https:\/\/cdn.noticel.com\/2026\/05\/30094652\/Acodese-Adaptaciones-Noticel-300x600-1-150x300.jpg 150w, https:\/\/cdn.noticel.com\/2026\/05\/30094652\/Acodese-Adaptaciones-Noticel-300x600-1-6x12.jpg 6w\" sizes=\"(max-width: 300px) 100vw, 300px\" width=\"300\" height=\"600\"   \/><\/a><\/div>\n<p>El videoclip de su primer sencillo, \u00abLo mejor de mi vida eres t\u00fa\u00bb, de su \u00e1lbum \u00abM\u00fasica+Alma+Sexo\u00bb, fue filmado en diciembre pasado en Miami, bajo la direcci\u00f3n del boricua Carlos P\u00e9rez.<\/p>\n<p>Adem\u00e1s, el p\u00fablico podr\u00e1 disfrutar de las secuencias en los portales www.univision.com, o en www.rickymartinmusic.com<\/p>\n<p>Ricky Martin se presentar\u00e1 en el Coliseo de Puerto Rico el 25 y 26 marzo, a las 8:30 de la noche, con su gira internacional.<\/p>\n<p>INS<\/p>","protected":false},"excerpt":{"rendered":"<p>Ricky estrena v\u00eddeo \u00abLo mejor de mi vida eres tu\u00bb es el v\u00eddeo que presenta el cantante ma\u00f1ana martes en \u00abPrimer Impacto\u00bb de Univisi\u00f3n. El astro puertorrique\u00f1o Ricky Martin confirm\u00f3 hoy que estrenar\u00e1 su v\u00eddeo \u00abLo mejor de mi vida eres t\u00fa\u00bb durante la transmisi\u00f3n del programa \u00abPrimer impacto\u00bb, de la Cadena Univisi\u00f3n. Martin indic\u00f3, [&hellip;]<\/p>","protected":false},"author":0,"featured_media":939711,"comment_status":"closed","ping_status":"closed","sticky":false,"template":"","format":"standard","meta":{"_acf_changed":false,"_monsterinsights_skip_tracking":false,"ep_exclude_from_search":false,"footnotes":""},"categories":[69],"tags":[],"class_list":["post-58525","post","type-post","status-publish","format-standard","has-post-thumbnail","hentry","category-vida-y-bienestar"],"acf":[],"aioseo_notices":[],"_links":{"self":[{"href":"https:\/\/noticel.com\/en\/wp-json\/wp\/v2\/posts\/58525","targetHints":{"allow":["GET"]}}],"collection":[{"href":"https:\/\/noticel.com\/en\/wp-json\/wp\/v2\/posts"}],"about":[{"href":"https:\/\/noticel.com\/en\/wp-json\/wp\/v2\/types\/post"}],"replies":[{"embeddable":true,"href":"https:\/\/noticel.com\/en\/wp-json\/wp\/v2\/comments?post=58525"}],"version-history":[{"count":1,"href":"https:\/\/noticel.com\/en\/wp-json\/wp\/v2\/posts\/58525\/revisions"}],"predecessor-version":[{"id":939714,"href":"https:\/\/noticel.com\/en\/wp-json\/wp\/v2\/posts\/58525\/revisions\/939714"}],"wp:featuredmedia":[{"embeddable":true,"href":"https:\/\/noticel.com\/en\/wp-json\/wp\/v2\/media\/939711"}],"wp:attachment":[{"href":"https:\/\/noticel.com\/en\/wp-json\/wp\/v2\/media?parent=58525"}],"wp:term":[{"taxonomy":"category","embeddable":true,"href":"https:\/\/noticel.com\/en\/wp-json\/wp\/v2\/categories?post=58525"},{"taxonomy":"post_tag","embeddable":true,"href":"https:\/\/noticel.com\/en\/wp-json\/wp\/v2\/tags?post=58525"}],"curies":[{"name":"wp","href":"https:\/\/api.w.org\/{rel}","templated":true}]}}