{"id":58446,"date":"2014-03-24T00:00:00","date_gmt":"2014-03-24T04:00:00","guid":{"rendered":"http:\/\/www.noticel.com\/ahora\/20140324\/colegio-de-medicos-va-a-segunda-ronda-ramos-aventaja-a-ibarra-documentos-2\/"},"modified":"2025-08-20T09:34:24","modified_gmt":"2025-08-20T09:34:24","slug":"colegio-de-medicos-va-a-segunda-ronda-ramos-aventaja-a-ibarra-documentos-2","status":"publish","type":"post","link":"https:\/\/noticel.com\/en\/ultima-hora\/20140324\/colegio-de-medicos-va-a-segunda-ronda-ramos-aventaja-a-ibarra-documentos-2\/","title":{"rendered":"Colegio de M\u00e9dicos va a segunda ronda, Ramos aventaja a Ibarra (documentos)"},"content":{"rendered":"<p>El Colegio de Medicos Cirujanos de Puerto Rico ir\u00e1 a segunda ronda de votaci\u00f3n el 6 de abril despues de que ninguno de los candidatos a su presidencia obtuviera la mayor\u00eda simple en la votaci\u00f3n de hoy, como requiere el reglamento, confirm\u00f3 el presidente del Senado Medico de la entidad, Dr. Roberto Perez.<\/p>\n<p>En el ejercicio del domingo, los dos candidatos en las primeras posiciones fueron el Dr. V\u00edctor Ramos, miembro de la Junta de Licenciamiento y Disciplina M\u00e9dica, y se\u00f1alado como el candidato que impulsan las compa\u00f1\u00edas de seguro m\u00e9dico, y el actual presidente del Colegio, Dr. Eduardo Ibarra. En los votos totales, Ramos aventaja a Ibarra por, seg\u00fan el conteo extraoficial, 174 votos.<\/p>\n<p>La informaci\u00f3n disponible el domingo en la noche es que Ramos tuvo 745 votos, Ibarra tuvo 571, y un tercer candidato, Dr. Carlos D\u00edaz V\u00e9lez, tuvo 345 votos.<\/p>\n<p>Temprano el domingo comenzaron las elecciones por la presidencia del Colegio en el Hotel Sheraton de Miramar y otras cinco ubicaciones alrededor de la Isla. La informaci\u00f3n extraoficial es que D\u00edaz domin\u00f3 la regi\u00f3n electoral de Ponce y Ramos las dem\u00e1s cinco.<\/p>\n<p>P\u00e9rez explic\u00f3 que el ganador de la primera ronda ser\u00eda certificado el mismo 6 de abril para entonces dar paso a la segunda ronda.<\/p>\n<p>El propio Ibarra reconoci\u00f3 en entrevista telef\u00f3nica con NotiCel que la votaci\u00f3n hasta mediados de la ma\u00f1ana no era masiva pero era bastante buena, anticipando que la participaci\u00f3n alcance los 2,600 m\u00e9dicos, el doble de los que vot\u00f3 el a\u00f1o pasado, por tratarse de seis candidatos los que se disputan la presidencia.<\/p>\n<p>Por su parte, otro candidato, el Dr. Guillermo J. Tirado Men\u00e9ndez coincidi\u00f3 en que se esperaba el doble de la participaci\u00f3n de la pasada selecci\u00f3n del presidente del organismo.<\/p>\n<p>Tirado inform\u00f3 que los comicios de la entidad comenzaron con una hora de retraso porque el incumbente sustituy\u00f3 la lista de cerca de 10,000 m\u00e9dicos por un registro electr\u00f3nico al que s\u00f3lo \u00e9l tiene acceso.<\/p><div class=\"notic-content-middle\" id=\"notic-1021320641\"><div class=\"notic-adlabel\">Advertisements<\/div><a data-no-instant=\"1\" href=\"https:\/\/qrco.de\/bgxd5v\" rel=\"noopener\" class=\"a2t-link\" target=\"_blank\" aria-label=\"image002\"><img loading=\"lazy\" decoding=\"async\" src=\"https:\/\/cdn.noticel.com\/2026\/09\/04152516\/image002.jpg\" alt=\"\"  srcset=\"https:\/\/cdn.noticel.com\/2026\/09\/04152516\/image002.jpg 288w, https:\/\/cdn.noticel.com\/2026\/09\/04152516\/image002-14x12.jpg 14w\" sizes=\"(max-width: 288px) 100vw, 288px\" width=\"288\" height=\"240\"   \/><\/a><\/div>\n<p>Ese es precisamente uno de los asuntos que se ventilar\u00e1nesta semana en los tribunales a ra\u00edz de una demanda incoada por Tirado Men\u00e9ndez.<\/p>\n<p>El retador reiter\u00f3 su preocupaci\u00f3n de que s\u00f3lo se imprimieron 4,000 papeletas y a la regi\u00f3n de Caguas se asignaron \u00fanicamente 300, siendo \u00e9ste uno de los centros de votaci\u00f3n m\u00e1s visitados por los m\u00e9dicos, por lo que algunos galenos pudieran quedarse sin emitir su sufragio.<\/p>\n<p>Tirado radic\u00f3 el viernes una demanda de entredicho provisional en el que pretend\u00eda impugnar el proceso porque el liderato actual de la organizaci\u00f3n le hab\u00eda negado su solicitud de que le entregaran una lista de los colegiados h\u00e1biles para votar.<\/p>\n<p>El galeno tambi\u00e9n objet\u00f3 en su demanda la sustituci\u00f3n de una lista de electores por un registro electr\u00f3nico que aleg\u00f3 le privaba de su derecho a tener observadores en el proceso y que el Colegio rechaz\u00f3 conceder la oportunidad de emitir votos por adelantado, lo que favorec\u00eda la reelecci\u00f3n de Ibarra.<\/p>\n<p>Poco antes del atardecer del viernes, el juez superior \u00c1ngel R. Pag\u00e1n Ocasio deneg\u00f3 el inderdicto solicitado por Tirado y se\u00f1al\u00f3 una audiencia judicial para el jueves en la ma\u00f1ana y discutir los m\u00e9ritos de la demanda.<\/p>\n<p><em>*Originalmente publicada a las 11:04 am.<\/em><\/p>\n<p><img decoding=\"async\" embed-content-articleid=\"610550479\" embed-content-groupid=\"593030471\" embed-content-id=\"610550480\" embed-content-index=\"0\" embed-content-type=\"GALLERY\" src=\"https:\/\/media.noticel.com\/o2com-noti-media-us-east-1\/photo\/2014\/03\/23\/a28305462dd1ba419813a50eb0305569_8168830_ver1.0_320_240.png\"\/><\/p>\n<p><a href=\"https:\/\/media.noticel.com\/o2com-noti-media-us-east-1\/document_dev\/2017\/08\/23\/768a8dd1fdb6d665c2c1ace72ae24a70_8188954_ver1.0.pdf\" target=\"_blank\"> Demanda de uno de los candidatos._5950<\/a><\/p>\n<p><a href=\"https:\/\/media.noticel.com\/o2com-noti-media-us-east-1\/document_dev\/2017\/08\/23\/4813bfca8fffb2f933ef4e1ba5dd5222_8188956_ver1.0.pdf\" target=\"_blank\"> Orden judicial._5951<\/a><\/p>","protected":false},"excerpt":{"rendered":"<p>El Colegio de Medicos Cirujanos de Puerto Rico ir\u00e1 a segunda ronda de votaci\u00f3n el 6 de abril despues de que ninguno de los candidatos a su presidencia obtuviera la mayor\u00eda simple en la votaci\u00f3n de hoy, como requiere el reglamento, confirm\u00f3 el presidente del Senado Medico de la entidad, Dr. Roberto Perez. En el [&hellip;]<\/p>","protected":false},"author":0,"featured_media":571526,"comment_status":"closed","ping_status":"closed","sticky":false,"template":"","format":"standard","meta":{"_acf_changed":false,"_monsterinsights_skip_tracking":false,"ep_exclude_from_search":false,"footnotes":""},"categories":[2],"tags":[],"class_list":["post-58446","post","type-post","status-publish","format-standard","has-post-thumbnail","hentry","category-ultima-hora"],"acf":[],"aioseo_notices":[],"_links":{"self":[{"href":"https:\/\/noticel.com\/en\/wp-json\/wp\/v2\/posts\/58446","targetHints":{"allow":["GET"]}}],"collection":[{"href":"https:\/\/noticel.com\/en\/wp-json\/wp\/v2\/posts"}],"about":[{"href":"https:\/\/noticel.com\/en\/wp-json\/wp\/v2\/types\/post"}],"replies":[{"embeddable":true,"href":"https:\/\/noticel.com\/en\/wp-json\/wp\/v2\/comments?post=58446"}],"version-history":[{"count":1,"href":"https:\/\/noticel.com\/en\/wp-json\/wp\/v2\/posts\/58446\/revisions"}],"predecessor-version":[{"id":881476,"href":"https:\/\/noticel.com\/en\/wp-json\/wp\/v2\/posts\/58446\/revisions\/881476"}],"wp:featuredmedia":[{"embeddable":true,"href":"https:\/\/noticel.com\/en\/wp-json\/wp\/v2\/media\/571526"}],"wp:attachment":[{"href":"https:\/\/noticel.com\/en\/wp-json\/wp\/v2\/media?parent=58446"}],"wp:term":[{"taxonomy":"category","embeddable":true,"href":"https:\/\/noticel.com\/en\/wp-json\/wp\/v2\/categories?post=58446"},{"taxonomy":"post_tag","embeddable":true,"href":"https:\/\/noticel.com\/en\/wp-json\/wp\/v2\/tags?post=58446"}],"curies":[{"name":"wp","href":"https:\/\/api.w.org\/{rel}","templated":true}]}}