{"id":58040,"date":"2015-09-06T00:00:00","date_gmt":"2015-09-06T04:00:00","guid":{"rendered":"http:\/\/www.noticel.com\/la-calle\/20150906\/la-tormenta-tropical-grace-se-fortalece-en-aguas-del-atlantico\/"},"modified":"2025-07-29T12:56:15","modified_gmt":"2025-07-29T12:56:15","slug":"la-tormenta-tropical-grace-se-fortalece-en-aguas-del-atlantico","status":"publish","type":"post","link":"https:\/\/noticel.com\/en\/noticias\/la-calle\/20150906\/la-tormenta-tropical-grace-se-fortalece-en-aguas-del-atlantico\/","title":{"rendered":"La tormenta tropical Grace se fortalece en aguas del Atl\u00e1ntico"},"content":{"rendered":"<p>La tormenta tropical Grace se fortalece mientras se desplaza por aguas del Atl\u00e1ntico tras alcanzar vientos m\u00e1ximos sostenidos de 75 kil\u00f3metros por hora, inform\u00f3 hoy el Centro Nacional de Huracanes (CNH) de Estados Unidos.<\/p>\n<p>Grace se encuentra a 630 kil\u00f3metros al suroeste de las islas de Cabo Verde, frente a la costa noroeste africana, cerca de la latitud 12,4 grados norte y la longitud 28,5 grados oeste, de acuerdo al centro meteorol\u00f3gico.<\/p>\n<p>El CNH indic\u00f3 que la s\u00e9ptima tormenta tropical de la presente temporada de huracanes en el Atl\u00e1ntico se desplaza en direcci\u00f3n oeste a 20 kil\u00f3metros por hora y se espera que mantenga esta trayectoria hasta la noche del lunes, aunque registre un ligero incremento de su velocidad de traslaci\u00f3n.<\/p><div class=\"notic-content-middle\" id=\"notic-3358328790\"><div class=\"notic-adlabel\">Advertisements<\/div><a data-no-instant=\"1\" href=\"https:\/\/www.asegurate-bien.com\/\" rel=\"noopener\" class=\"a2t-link\" target=\"_blank\" aria-label=\"Acodese-Adaptaciones-Noticel-970&#215;250\"><img loading=\"lazy\" decoding=\"async\" src=\"https:\/\/cdn.noticel.com\/2026\/05\/30100504\/Acodese-Adaptaciones-Noticel-970x250-1.jpg\" alt=\"\"  srcset=\"https:\/\/cdn.noticel.com\/2026\/05\/30100504\/Acodese-Adaptaciones-Noticel-970x250-1.jpg 970w, https:\/\/cdn.noticel.com\/2026\/05\/30100504\/Acodese-Adaptaciones-Noticel-970x250-1-300x77.jpg 300w, https:\/\/cdn.noticel.com\/2026\/05\/30100504\/Acodese-Adaptaciones-Noticel-970x250-1-768x198.jpg 768w, https:\/\/cdn.noticel.com\/2026\/05\/30100504\/Acodese-Adaptaciones-Noticel-970x250-1-18x5.jpg 18w\" sizes=\"(max-width: 970px) 100vw, 970px\" width=\"970\" height=\"250\"   \/><\/a><\/div>\n<p>El centro meteorol\u00f3gico con sede en Miami (Florida) se\u00f1al\u00f3 que los vientos con fuerza de tormenta tropical se extienden hasta unos 95 kil\u00f3metros desde el centro de Grace.<\/p>\n<p>No se ha emitido por el momento ning\u00fan aviso o advertencia por el paso de este sistema cicl\u00f3nico, el cual surge tras la aparici\u00f3n de la depresi\u00f3n tropical Fred, que se mantiene por aguas del Atl\u00e1ntico con vientos m\u00e1ximos sostenidos de 55 kil\u00f3metros por hora.<\/p>\n<p>Desde que el pasado 1 de junio comenz\u00f3 oficialmente la temporada de huracanes en el Atl\u00e1ntico, se han formado siete tormentas tropicales: Ana, Bill, Claudette, Danny -esta \u00faltima transformada en el primer hurac\u00e1n de categor\u00eda mayor (3) de la temporada-, Erika, Fred -un hurac\u00e1n de categor\u00eda 1 ahora degradado a tormenta tropical- y ahora Grace.<\/p>","protected":false},"excerpt":{"rendered":"<p>La tormenta tropical Grace se fortalece mientras se desplaza por aguas del Atl\u00e1ntico tras alcanzar vientos m\u00e1ximos sostenidos de 75 kil\u00f3metros por hora, inform\u00f3 hoy el Centro Nacional de Huracanes (CNH) de Estados Unidos. Grace se encuentra a 630 kil\u00f3metros al suroeste de las islas de Cabo Verde, frente a la costa noroeste africana, cerca [&hellip;]<\/p>","protected":false},"author":0,"featured_media":608566,"comment_status":"closed","ping_status":"closed","sticky":false,"template":"","format":"standard","meta":{"_acf_changed":false,"_monsterinsights_skip_tracking":false,"ep_exclude_from_search":false,"footnotes":""},"categories":[12],"tags":[],"class_list":["post-58040","post","type-post","status-publish","format-standard","has-post-thumbnail","hentry","category-la-calle"],"acf":[],"aioseo_notices":[],"_links":{"self":[{"href":"https:\/\/noticel.com\/en\/wp-json\/wp\/v2\/posts\/58040","targetHints":{"allow":["GET"]}}],"collection":[{"href":"https:\/\/noticel.com\/en\/wp-json\/wp\/v2\/posts"}],"about":[{"href":"https:\/\/noticel.com\/en\/wp-json\/wp\/v2\/types\/post"}],"replies":[{"embeddable":true,"href":"https:\/\/noticel.com\/en\/wp-json\/wp\/v2\/comments?post=58040"}],"version-history":[{"count":1,"href":"https:\/\/noticel.com\/en\/wp-json\/wp\/v2\/posts\/58040\/revisions"}],"predecessor-version":[{"id":608577,"href":"https:\/\/noticel.com\/en\/wp-json\/wp\/v2\/posts\/58040\/revisions\/608577"}],"wp:featuredmedia":[{"embeddable":true,"href":"https:\/\/noticel.com\/en\/wp-json\/wp\/v2\/media\/608566"}],"wp:attachment":[{"href":"https:\/\/noticel.com\/en\/wp-json\/wp\/v2\/media?parent=58040"}],"wp:term":[{"taxonomy":"category","embeddable":true,"href":"https:\/\/noticel.com\/en\/wp-json\/wp\/v2\/categories?post=58040"},{"taxonomy":"post_tag","embeddable":true,"href":"https:\/\/noticel.com\/en\/wp-json\/wp\/v2\/tags?post=58040"}],"curies":[{"name":"wp","href":"https:\/\/api.w.org\/{rel}","templated":true}]}}