{"id":57995,"date":"2015-09-13T00:00:00","date_gmt":"2015-09-13T04:00:00","guid":{"rendered":"http:\/\/www.noticel.com\/mundo\/20150913\/estado-de-emergencia-en-california-por-incendios-forestales\/"},"modified":"2025-07-28T10:20:48","modified_gmt":"2025-07-28T10:20:48","slug":"estado-de-emergencia-en-california-por-incendios-forestales","status":"publish","type":"post","link":"https:\/\/noticel.com\/en\/noticias\/mundo\/20150913\/estado-de-emergencia-en-california-por-incendios-forestales\/","title":{"rendered":"Estado de emergencia en California por incendios forestales"},"content":{"rendered":"<p>El gobernador de California (EE.UU.), Jerry Brown, declar\u00f3 hoy el estado de emergencia en los condados de Napa y Lake, tras los varios incendios registrados en el norte del estado que han obligado a la evacuaci\u00f3n obligatoria de miles de personas y han provocado heridas a cuatro bomberos.<\/p>\n<p>Seg\u00fan medios locales, el fuego ha consumido decenas de casas y a\u00fan los bomberos luchan este domingo contra el avance de los incendios, que se est\u00e1n fortaleciendo con los fuertes vientos y el tiempo seco de los \u00faltimos d\u00edas.<\/p>\n<p>Seg\u00fan el canal local KCBS, el fuego ha consumido unas 16.000 hect\u00e1reas de bosque y zonas rurales de los condados de Napa y Lake.<\/p>\n<p>M\u00e1s de mil bomberos y voluntarios est\u00e1n trabajando en las labores de contenci\u00f3n, que hasta el momento no han servido para detener el avance de las llamas.<\/p><div class=\"notic-content-middle\" id=\"notic-826822847\"><div class=\"notic-adlabel\">Advertisements<\/div><a data-no-instant=\"1\" href=\"https:\/\/qrco.de\/bgxd5v\" rel=\"noopener\" class=\"a2t-link\" target=\"_blank\" aria-label=\"DisplayAds-970&#215;2502\"><img loading=\"lazy\" decoding=\"async\" src=\"https:\/\/cdn.noticel.com\/2026\/09\/02200838\/DisplayAds-970x2502-1.jpg\" alt=\"\"  srcset=\"https:\/\/cdn.noticel.com\/2026\/09\/02200838\/DisplayAds-970x2502-1.jpg 970w, https:\/\/cdn.noticel.com\/2026\/09\/02200838\/DisplayAds-970x2502-1-300x77.jpg 300w, https:\/\/cdn.noticel.com\/2026\/09\/02200838\/DisplayAds-970x2502-1-768x198.jpg 768w, https:\/\/cdn.noticel.com\/2026\/09\/02200838\/DisplayAds-970x2502-1-18x5.jpg 18w\" sizes=\"(max-width: 970px) 100vw, 970px\" width=\"970\" height=\"250\"   \/><\/a><\/div>\n<p>El pueblo de Middletown, de 1.300 habitantes, ha sido evacuado ante la cercan\u00edas de las llamas, que han consumido casas y avanzas r\u00e1pidamente por las grandes extensiones de arbustos de la zona.<\/p>\n<p>El Departamento de Bosques e Incendios, asegur\u00f3 que a\u00fan es demasiado pronto para ofrecer una estimaci\u00f3n de da\u00f1os materiales, pero ser\u00e1n cuantiosos.<\/p>\n<p>La declaraci\u00f3n de estado de emergencia estatal permitir\u00e1 enviar m\u00e1s recursos a la zona y acelerar\u00e1 los tr\u00e1mites para aquellos que han perdido sus casas, propiedades o documentos importantes.<\/p>","protected":false},"excerpt":{"rendered":"<p>El gobernador de California (EE.UU.), Jerry Brown, declar\u00f3 hoy el estado de emergencia en los condados de Napa y Lake, tras los varios incendios registrados en el norte del estado que han obligado a la evacuaci\u00f3n obligatoria de miles de personas y han provocado heridas a cuatro bomberos. Seg\u00fan medios locales, el fuego ha consumido [&hellip;]<\/p>","protected":false},"author":0,"featured_media":599331,"comment_status":"closed","ping_status":"closed","sticky":false,"template":"","format":"standard","meta":{"_acf_changed":false,"_monsterinsights_skip_tracking":false,"ep_exclude_from_search":false,"footnotes":""},"categories":[17],"tags":[],"class_list":["post-57995","post","type-post","status-publish","format-standard","has-post-thumbnail","hentry","category-mundo"],"acf":[],"aioseo_notices":[],"_links":{"self":[{"href":"https:\/\/noticel.com\/en\/wp-json\/wp\/v2\/posts\/57995","targetHints":{"allow":["GET"]}}],"collection":[{"href":"https:\/\/noticel.com\/en\/wp-json\/wp\/v2\/posts"}],"about":[{"href":"https:\/\/noticel.com\/en\/wp-json\/wp\/v2\/types\/post"}],"replies":[{"embeddable":true,"href":"https:\/\/noticel.com\/en\/wp-json\/wp\/v2\/comments?post=57995"}],"version-history":[{"count":1,"href":"https:\/\/noticel.com\/en\/wp-json\/wp\/v2\/posts\/57995\/revisions"}],"predecessor-version":[{"id":599344,"href":"https:\/\/noticel.com\/en\/wp-json\/wp\/v2\/posts\/57995\/revisions\/599344"}],"wp:featuredmedia":[{"embeddable":true,"href":"https:\/\/noticel.com\/en\/wp-json\/wp\/v2\/media\/599331"}],"wp:attachment":[{"href":"https:\/\/noticel.com\/en\/wp-json\/wp\/v2\/media?parent=57995"}],"wp:term":[{"taxonomy":"category","embeddable":true,"href":"https:\/\/noticel.com\/en\/wp-json\/wp\/v2\/categories?post=57995"},{"taxonomy":"post_tag","embeddable":true,"href":"https:\/\/noticel.com\/en\/wp-json\/wp\/v2\/tags?post=57995"}],"curies":[{"name":"wp","href":"https:\/\/api.w.org\/{rel}","templated":true}]}}