{"id":57993,"date":"2012-02-04T00:00:00","date_gmt":"2012-02-04T04:00:00","guid":{"rendered":"http:\/\/www.noticel.com\/la-calle\/20120204\/festival-de-munchies-sobre-ruedas\/"},"modified":"2025-07-18T09:31:10","modified_gmt":"2025-07-18T09:31:10","slug":"festival-de-munchies-sobre-ruedas","status":"publish","type":"post","link":"https:\/\/noticel.com\/en\/noticias\/la-calle\/20120204\/festival-de-munchies-sobre-ruedas\/","title":{"rendered":"Festival de &#8216;munchies&#8217; sobre ruedas"},"content":{"rendered":"<p>Son la parada segura para quienes salen hambrientos de una noche de copas o tienen los minutos contados para el almuerzo. Este fin de semana, las guag\u00fcitas de comida tienen su primer festival culinario.<\/p>\n<p>En el evento titulado &#8216;Puerto Rico Street Food Fest&#8217;, que se llevar\u00e1 a cabo en el estacionamiento del Hiram Bithorn, m\u00e1s de 20 guaguitas ofrecer\u00e1n al p\u00fablico una degustaci\u00f3n de sus men\u00fas. La oferta culinaria incluye cl\u00e1sicos callejeros como las tripletas y abarca platillos como el ceviche, las arepas y hasta un sandwich de pl\u00e1tano.<\/p>\n<p>El costo de la entrada es de $7 y la comida, servida en porciones peque\u00f1as para fomentar la degustaci\u00f3n, fluctuar\u00e1 entre $1 y $4. En lo que sus organizadores han llamado &#8216;El Para\u00edso de los Munchies&#8217;, tambi\u00e9n se celebrar\u00e1 un &#8216;Street Food Challenge&#8217; donde el p\u00fablico y el jurado votar\u00e1n por los las mejores ofertas gastron\u00f3micas en sus respectivas categor\u00edas. Los premios se dar\u00e1n a &#8216;Lo Mejor del Evento&#8217;, &#8216;La m\u00e1s creativa&#8217;, &#8216;La Promesa&#8217; y &#8216;El bocadito m\u00e1s exquisito&#8217;.<\/p><div class=\"notic-content-middle\" id=\"notic-482165938\"><div class=\"notic-adlabel\">Advertisements<\/div><a data-no-instant=\"1\" href=\"https:\/\/qrco.de\/bgxd5v\" rel=\"noopener\" class=\"a2t-link\" target=\"_blank\" aria-label=\"300X600-SEBUSCA3\"><img loading=\"lazy\" decoding=\"async\" src=\"https:\/\/cdn.noticel.com\/2026\/09\/02194515\/300X600-SEBUSCA3.jpg\" alt=\"\"  srcset=\"https:\/\/cdn.noticel.com\/2026\/09\/02194515\/300X600-SEBUSCA3.jpg 300w, https:\/\/cdn.noticel.com\/2026\/09\/02194515\/300X600-SEBUSCA3-150x300.jpg 150w, https:\/\/cdn.noticel.com\/2026\/09\/02194515\/300X600-SEBUSCA3-6x12.jpg 6w\" sizes=\"(max-width: 300px) 100vw, 300px\" width=\"300\" height=\"600\"   \/><\/a><\/div>\n<p>La actividad, que tanto hoy como ma\u00f1ana durar\u00e1 de 4 pm a 12 am tambi\u00e9n contar\u00e1 con m\u00fasica en vivo. Los artistas ser\u00e1n anunciados el mi\u00e9rcoles. Para m\u00e1s informaci\u00f3n, puede visitar <a href=\"http:\/\/prstreetfoodfest.com\" target=\"_blank\">http:\/\/prstreetfoodfest.com<\/a>, seguirlos en Twitter @prfoodfest o comprar boletos en http:\/\/venta.prticket.com.<\/p>\n<p>Los organizadores del evento esperan pronto realizar un evento similar en el \u00e1rea oeste.<\/p>","protected":false},"excerpt":{"rendered":"<p>Son la parada segura para quienes salen hambrientos de una noche de copas o tienen los minutos contados para el almuerzo. Este fin de semana, las guag\u00fcitas de comida tienen su primer festival culinario. En el evento titulado &#8216;Puerto Rico Street Food Fest&#8217;, que se llevar\u00e1 a cabo en el estacionamiento del Hiram Bithorn, m\u00e1s [&hellip;]<\/p>","protected":false},"author":0,"featured_media":508167,"comment_status":"closed","ping_status":"closed","sticky":false,"template":"","format":"standard","meta":{"_acf_changed":false,"_monsterinsights_skip_tracking":false,"ep_exclude_from_search":false,"footnotes":""},"categories":[12],"tags":[],"class_list":["post-57993","post","type-post","status-publish","format-standard","has-post-thumbnail","hentry","category-la-calle"],"acf":[],"aioseo_notices":[],"_links":{"self":[{"href":"https:\/\/noticel.com\/en\/wp-json\/wp\/v2\/posts\/57993","targetHints":{"allow":["GET"]}}],"collection":[{"href":"https:\/\/noticel.com\/en\/wp-json\/wp\/v2\/posts"}],"about":[{"href":"https:\/\/noticel.com\/en\/wp-json\/wp\/v2\/types\/post"}],"replies":[{"embeddable":true,"href":"https:\/\/noticel.com\/en\/wp-json\/wp\/v2\/comments?post=57993"}],"version-history":[{"count":1,"href":"https:\/\/noticel.com\/en\/wp-json\/wp\/v2\/posts\/57993\/revisions"}],"predecessor-version":[{"id":508173,"href":"https:\/\/noticel.com\/en\/wp-json\/wp\/v2\/posts\/57993\/revisions\/508173"}],"wp:featuredmedia":[{"embeddable":true,"href":"https:\/\/noticel.com\/en\/wp-json\/wp\/v2\/media\/508167"}],"wp:attachment":[{"href":"https:\/\/noticel.com\/en\/wp-json\/wp\/v2\/media?parent=57993"}],"wp:term":[{"taxonomy":"category","embeddable":true,"href":"https:\/\/noticel.com\/en\/wp-json\/wp\/v2\/categories?post=57993"},{"taxonomy":"post_tag","embeddable":true,"href":"https:\/\/noticel.com\/en\/wp-json\/wp\/v2\/tags?post=57993"}],"curies":[{"name":"wp","href":"https:\/\/api.w.org\/{rel}","templated":true}]}}