{"id":57684,"date":"2011-08-02T00:00:00","date_gmt":"2011-08-02T04:00:00","guid":{"rendered":"http:\/\/www.noticel.com\/la-calle\/20110802\/arrestan-a-dos-con-20-kilos-de-cocaina\/"},"modified":"2025-08-28T13:53:59","modified_gmt":"2025-08-28T13:53:59","slug":"arrestan-a-dos-con-20-kilos-de-cocaina","status":"publish","type":"post","link":"https:\/\/noticel.com\/en\/noticias\/la-calle\/20110802\/arrestan-a-dos-con-20-kilos-de-cocaina\/","title":{"rendered":"Arrestan a dos con 20 kilos de coca\u00edna"},"content":{"rendered":"<p>Dos individuos fueron arrestados hoy en el aeropuerto Luis Mu\u00f1oz Mar\u00edn, en Carolina, luego de que les ocuparan 20 kilos de coca\u00edna mediante una inspecci\u00f3n rutinaria<\/p>\n<p>El Comandante Carlos Miranda Soto, director Regional de Carolina, en uni\u00f3n al sargento Felipe Rodr\u00edguez Garc\u00eda, director de la Divisi\u00f3n Drogas Aeropuerto, identificaron a los detenidos como Jonathan M\u00e1rtir Zamo, de 28 a\u00f1os, y Alberto Mel\u00e9ndez Rom\u00e1n, de 25, residentes en Bayam\u00f3n.<\/p><div class=\"notic-content-middle\" id=\"notic-1743669619\"><div class=\"notic-adlabel\">Advertisements<\/div><a data-no-instant=\"1\" href=\"https:\/\/qrco.de\/bgxd5v\" rel=\"noopener\" class=\"a2t-link\" target=\"_blank\" aria-label=\"DisplayAd-728&#215;903\"><img loading=\"lazy\" decoding=\"async\" src=\"https:\/\/cdn.noticel.com\/2026\/08\/11174955\/DisplayAd-728x903-1.jpg\" alt=\"\"  srcset=\"https:\/\/cdn.noticel.com\/2026\/08\/11174955\/DisplayAd-728x903-1.jpg 728w, https:\/\/cdn.noticel.com\/2026\/08\/11174955\/DisplayAd-728x903-1-300x37.jpg 300w, https:\/\/cdn.noticel.com\/2026\/08\/11174955\/DisplayAd-728x903-1-18x2.jpg 18w\" sizes=\"(max-width: 728px) 100vw, 728px\" width=\"728\" height=\"90\"   \/><\/a><\/div>\n<p>Miranda Soto dijo que d\u00e1ndole continuidad al plan de trabajo, cuyo objetivo es detener la entrada y salida de alcaloides a trav\u00e9s del aeropuerto, ocuparon en dos maletas los 20 kilos de coca\u00edna, cuando se dispon\u00edan abordar un vuelo con destino a la ciudad de Nueva York.<\/p>\n<p>&#8216;La incautaci\u00f3n de esta droga es un ejemplo del compromiso de nuestros hombres y mujeres con el pueblo, quienes laboran con dignidad y respeto para erradicar el tr\u00e1fico de drogas y rescatar nuestras comunidades&#8217;, dijo el oficial.<\/p>","protected":false},"excerpt":{"rendered":"<p>Dos individuos fueron arrestados hoy en el aeropuerto Luis Mu\u00f1oz Mar\u00edn, en Carolina, luego de que les ocuparan 20 kilos de coca\u00edna mediante una inspecci\u00f3n rutinaria El Comandante Carlos Miranda Soto, director Regional de Carolina, en uni\u00f3n al sargento Felipe Rodr\u00edguez Garc\u00eda, director de la Divisi\u00f3n Drogas Aeropuerto, identificaron a los detenidos como Jonathan M\u00e1rtir [&hellip;]<\/p>","protected":false},"author":0,"featured_media":532592,"comment_status":"closed","ping_status":"closed","sticky":false,"template":"","format":"standard","meta":{"_acf_changed":false,"_monsterinsights_skip_tracking":false,"ep_exclude_from_search":false,"footnotes":""},"categories":[12],"tags":[],"class_list":["post-57684","post","type-post","status-publish","format-standard","has-post-thumbnail","hentry","category-la-calle"],"acf":[],"aioseo_notices":[],"_links":{"self":[{"href":"https:\/\/noticel.com\/en\/wp-json\/wp\/v2\/posts\/57684","targetHints":{"allow":["GET"]}}],"collection":[{"href":"https:\/\/noticel.com\/en\/wp-json\/wp\/v2\/posts"}],"about":[{"href":"https:\/\/noticel.com\/en\/wp-json\/wp\/v2\/types\/post"}],"replies":[{"embeddable":true,"href":"https:\/\/noticel.com\/en\/wp-json\/wp\/v2\/comments?post=57684"}],"version-history":[{"count":1,"href":"https:\/\/noticel.com\/en\/wp-json\/wp\/v2\/posts\/57684\/revisions"}],"predecessor-version":[{"id":924126,"href":"https:\/\/noticel.com\/en\/wp-json\/wp\/v2\/posts\/57684\/revisions\/924126"}],"wp:featuredmedia":[{"embeddable":true,"href":"https:\/\/noticel.com\/en\/wp-json\/wp\/v2\/media\/532592"}],"wp:attachment":[{"href":"https:\/\/noticel.com\/en\/wp-json\/wp\/v2\/media?parent=57684"}],"wp:term":[{"taxonomy":"category","embeddable":true,"href":"https:\/\/noticel.com\/en\/wp-json\/wp\/v2\/categories?post=57684"},{"taxonomy":"post_tag","embeddable":true,"href":"https:\/\/noticel.com\/en\/wp-json\/wp\/v2\/tags?post=57684"}],"curies":[{"name":"wp","href":"https:\/\/api.w.org\/{rel}","templated":true}]}}