{"id":57181,"date":"2014-10-06T00:00:00","date_gmt":"2014-10-06T04:00:00","guid":{"rendered":"http:\/\/www.noticel.com\/vida\/20141006\/naruto-dejara-de-publicarse-tras-15-anos\/"},"modified":"2025-07-18T09:24:15","modified_gmt":"2025-07-18T09:24:15","slug":"naruto-dejara-de-publicarse-tras-15-anos","status":"publish","type":"post","link":"https:\/\/noticel.com\/en\/vida-y-bienestar\/20141006\/naruto-dejara-de-publicarse-tras-15-anos\/","title":{"rendered":"&#8216;Naruto&#8217; dejar\u00e1 de publicarse tras 15 a\u00f1os"},"content":{"rendered":"<p>&#8216;Naruto&#8217;, una de las series manga (c\u00f3mic japones) m\u00e1s conocidas a nivel internacional, saldr\u00e1 a la venta por \u00faltima vez el 10 de noviembre tras publicarse 15 a\u00f1os en la revista semanal Shonen Jump, confirm\u00f3 hoy la editorial Shueisha.<\/p>\n<p>El manga comenz\u00f3 a publicarse en las p\u00e1ginas de la revista nipona para chicos en 1999, y narra las aventuras de Naruto Uzumaki, un &#8216;ninja&#8217; adolescente que combate a sus rivales en busca del reconocimiento de sus compa\u00f1eros y la consecuci\u00f3n de su sue\u00f1o, convertirse en el &#8216;ninja&#8217; m\u00e1s fuerte y l\u00edder de su aldea.<\/p>\n<p>Ilustrado por Masashi Kishimoto, la idea original surgi\u00f3 de una historieta piloto que el &#8216;mangaka&#8217; realiz\u00f3 en 1997 para la revista Akamaru Jump, y que posteriormente dar\u00eda lugar al c\u00f3mic serializado en la revista semanal de la editorial Shueisha.<\/p><div class=\"notic-content-middle\" id=\"notic-3279997595\"><div class=\"notic-adlabel\">Advertisements<\/div><a data-no-instant=\"1\" href=\"https:\/\/www.asegurate-bien.com\/\" rel=\"noopener\" class=\"a2t-link\" target=\"_blank\" aria-label=\"Acodese-Adaptaciones-Noticel-300&#215;250\"><img loading=\"lazy\" decoding=\"async\" src=\"https:\/\/cdn.noticel.com\/2026\/05\/30094423\/Acodese-Adaptaciones-Noticel-300x250-1.jpg\" alt=\"\"  srcset=\"https:\/\/cdn.noticel.com\/2026\/05\/30094423\/Acodese-Adaptaciones-Noticel-300x250-1.jpg 300w, https:\/\/cdn.noticel.com\/2026\/05\/30094423\/Acodese-Adaptaciones-Noticel-300x250-1-14x12.jpg 14w\" sizes=\"(max-width: 300px) 100vw, 300px\" width=\"300\" height=\"250\"   \/><\/a><\/div>\n<p>El manga superventas ha vendido m\u00e1s de 130 millones de copias solo en Jap\u00f3n, m\u00e1s de 200 millones de ejemplares en todo el mundo, y se distribuye en Espa\u00f1a de la mano de Planeta DeAgostini C\u00f3mics, tras perder su licencia Editores de Tebeos, antigua Gl\u00e9nat Espa\u00f1a.<\/p>\n<p>&#8216;Naruto&#8217; cuenta, adem\u00e1s, con numerosas adaptaciones en pel\u00edculas y entre otros productos derivados de la serie se incluyen novelas ligeras, libros de ilustraciones, varios videojuegos y colecciones de cromos.<\/p>\n<p>La serie de animaci\u00f3n creada a partir de la serie original en papel est\u00e1 dirigida por Hayato Date, producida por el estudio nip\u00f3n Pierrot y distribuida por Aniplex, cuenta con dos temporadas (&#8216;Naruto&#8217; y &#8216;Naruto: Shippuden&#8217;), y lleva emiti\u00e9ndose en la televisi\u00f3n japonesa desde 2002.<\/p>","protected":false},"excerpt":{"rendered":"<p>&#8216;Naruto&#8217;, una de las series manga (c\u00f3mic japones) m\u00e1s conocidas a nivel internacional, saldr\u00e1 a la venta por \u00faltima vez el 10 de noviembre tras publicarse 15 a\u00f1os en la revista semanal Shonen Jump, confirm\u00f3 hoy la editorial Shueisha. El manga comenz\u00f3 a publicarse en las p\u00e1ginas de la revista nipona para chicos en 1999, [&hellip;]<\/p>","protected":false},"author":0,"featured_media":507134,"comment_status":"closed","ping_status":"closed","sticky":false,"template":"","format":"standard","meta":{"_acf_changed":false,"_monsterinsights_skip_tracking":false,"ep_exclude_from_search":false,"footnotes":""},"categories":[69],"tags":[],"class_list":["post-57181","post","type-post","status-publish","format-standard","has-post-thumbnail","hentry","category-vida-y-bienestar"],"acf":[],"aioseo_notices":[],"_links":{"self":[{"href":"https:\/\/noticel.com\/en\/wp-json\/wp\/v2\/posts\/57181","targetHints":{"allow":["GET"]}}],"collection":[{"href":"https:\/\/noticel.com\/en\/wp-json\/wp\/v2\/posts"}],"about":[{"href":"https:\/\/noticel.com\/en\/wp-json\/wp\/v2\/types\/post"}],"replies":[{"embeddable":true,"href":"https:\/\/noticel.com\/en\/wp-json\/wp\/v2\/comments?post=57181"}],"version-history":[{"count":1,"href":"https:\/\/noticel.com\/en\/wp-json\/wp\/v2\/posts\/57181\/revisions"}],"predecessor-version":[{"id":507139,"href":"https:\/\/noticel.com\/en\/wp-json\/wp\/v2\/posts\/57181\/revisions\/507139"}],"wp:featuredmedia":[{"embeddable":true,"href":"https:\/\/noticel.com\/en\/wp-json\/wp\/v2\/media\/507134"}],"wp:attachment":[{"href":"https:\/\/noticel.com\/en\/wp-json\/wp\/v2\/media?parent=57181"}],"wp:term":[{"taxonomy":"category","embeddable":true,"href":"https:\/\/noticel.com\/en\/wp-json\/wp\/v2\/categories?post=57181"},{"taxonomy":"post_tag","embeddable":true,"href":"https:\/\/noticel.com\/en\/wp-json\/wp\/v2\/tags?post=57181"}],"curies":[{"name":"wp","href":"https:\/\/api.w.org\/{rel}","templated":true}]}}