{"id":56974,"date":"2013-08-18T00:00:00","date_gmt":"2013-08-18T04:00:00","guid":{"rendered":"http:\/\/www.noticel.com\/vida\/20130818\/the-butler-estrena-en-medio-del-reavivamiento-del-debate-racial-en-ee-uu\/"},"modified":"2025-08-22T08:22:34","modified_gmt":"2025-08-22T08:22:34","slug":"the-butler-estrena-en-medio-del-reavivamiento-del-debate-racial-en-ee-uu","status":"publish","type":"post","link":"https:\/\/noticel.com\/en\/vida-y-bienestar\/20130818\/the-butler-estrena-en-medio-del-reavivamiento-del-debate-racial-en-ee-uu\/","title":{"rendered":"&#8216;The Butler&#8217; estrena en medio del reavivamiento del debate racial en EE UU"},"content":{"rendered":"<p>La trayectoria sin par de EEUU en la lucha por los derechos civiles ocupa este fin de semana las pantallas en &#8216;The Butler&#8217;, que narra la historia del mayordomo negro que trabaj\u00f3 para ocho presidentes en la Casa Blanca, en medio de un \u00e1lgido debate sobre las relaciones raciales en este pa\u00eds.<\/p>\n<p>Dirigida por Lee Daniels, &#8216;The Butler&#8217; ha sido aclamada por los cr\u00edticos como una obra que no solo resume la lucha de los negros en EEUU sino que describe fielmente los cambios transcendentales en la historia estadounidense, incluyendo la guerra de Vietnam.<\/p>\n<p>De hecho, tal como vaticin\u00f3 la prensa especializada, &#8216;The Butler&#8217; super\u00f3 en las taquillas a la pel\u00edcula de acci\u00f3n &#8216;Kick-Ass 2&#8217;, y el filme, que cont\u00f3 con un presupuesto de 30 millones de d\u00f3lares, podr\u00eda figurar entre las nominaciones para un \u00d3scar el pr\u00f3ximo a\u00f1o.<\/p>\n<p>Distribuida por The Weinstein Company, la pel\u00edcula recab\u00f3 8.3 millones de d\u00f3lares en taquilla en su estreno la noche del viernes en 2,933 salas de cine, seg\u00fan indic\u00f3 hoy la p\u00e1gina web especializada &#8216;boxofficemojo.com&#8217;.<\/p>\n<p>&#8216;The Butler&#8217; narra la historia real del mayordomo Eugene Allen, que desembarc\u00f3 en la Casa Blanca en 1952 en las postrimer\u00edas de la presidencia de Harry Truman y trabaj\u00f3 en la mansi\u00f3n presidencial hasta 1986, durante la presidencia de Ronald Reagan.<\/p>\n<p>Desde la perspectiva de Allen, que Forest Whitaker encarna en el personaje de Cecil Gaines, el p\u00fablico asiste a los sucesos que transformaron a la sociedad estadounidense a lo largo de tres d\u00e9cadas, comenzando con su tr\u00e1nsito de la segregaci\u00f3n racial hasta la lucha por los derechos civiles, que a su vez facilit\u00f3 la llegada del primer presidente negro a la Casa Blanca en la figura de Barack Obama.<\/p>\n<p>La pel\u00edcula abre con una escena en una plantaci\u00f3n de algod\u00f3n en la que el joven Cecil aprende el oficio de mayordomo y concluye con su visita a la Casa Blanca tras la victoria electoral de Obama.<\/p><div class=\"notic-content-middle\" id=\"notic-1174631728\"><div class=\"notic-adlabel\">Advertisements<\/div><a data-no-instant=\"1\" href=\"https:\/\/www.asegurate-bien.com\/\" rel=\"noopener\" class=\"a2t-link\" target=\"_blank\" aria-label=\"Acodese-Adaptaciones-Noticel-300&#215;250\"><img loading=\"lazy\" decoding=\"async\" src=\"https:\/\/cdn.noticel.com\/2026\/05\/30094423\/Acodese-Adaptaciones-Noticel-300x250-1.jpg\" alt=\"\"  srcset=\"https:\/\/cdn.noticel.com\/2026\/05\/30094423\/Acodese-Adaptaciones-Noticel-300x250-1.jpg 300w, https:\/\/cdn.noticel.com\/2026\/05\/30094423\/Acodese-Adaptaciones-Noticel-300x250-1-14x12.jpg 14w\" sizes=\"(max-width: 300px) 100vw, 300px\" width=\"300\" height=\"250\"   \/><\/a><\/div>\n<p>Allen, el mayordomo real que enviud\u00f3 poco antes de las elecciones de 2008, logr\u00f3 emitir su hist\u00f3rico voto a favor de Obama y fue uno de sus invitados de honor durante la gala de investidura.<\/p>\n<p>El guionista Danny Strong dijo a la cadena televisiva CBS que el filme &#8216;se inspira en la historia de Eugene Allen, pero la familia Gaines es una familia ficticia que representa las verdades de muchas personas&#8217; en la d\u00e9cada de 1960.<\/p>\n<p>El estreno del filme se produce tras el dictamen del pasado 13 de julio que absolvi\u00f3 a George Zimmerman por el homicidio del adolescente negro desarmado Trayvon Martin el a\u00f1o pasado.<\/p>\n<p>En la pel\u00edcula, la diva de la televisi\u00f3n estadounidense Oprah Winfrey interpreta el papel de &#8216;Gloria&#8217;, la mujer alcoh\u00f3lica del mayordomo, y lo hace de tal manera que, seg\u00fan la cr\u00edtica, el p\u00fablico se olvida por un momento que se trata de &#8216;la gran Oprah&#8217;.<\/p>\n<p>La presentaci\u00f3n de &#8216;The Butler&#8217; coincide con una serie de actos para conmemorar el 50 aniversario de la hist\u00f3rica &#8216;Marcha en Washington&#8217;.<\/p>\n<p>En aquella marcha por &#8216;Trabajos, Justicia y Libertad&#8217;, el 28 de agosto de 1963, el fallecido icono del movimiento de los derechos civiles, Martin Luther King, emiti\u00f3 su apasionado discurso &#8216;Tengo un Sue\u00f1o&#8217;, en el que hizo un llamado a la igualdad racial en el pa\u00eds.<\/p>","protected":false},"excerpt":{"rendered":"<p>La trayectoria sin par de EEUU en la lucha por los derechos civiles ocupa este fin de semana las pantallas en &#8216;The Butler&#8217;, que narra la historia del mayordomo negro que trabaj\u00f3 para ocho presidentes en la Casa Blanca, en medio de un \u00e1lgido debate sobre las relaciones raciales en este pa\u00eds. Dirigida por Lee [&hellip;]<\/p>","protected":false},"author":0,"featured_media":888771,"comment_status":"closed","ping_status":"closed","sticky":false,"template":"","format":"standard","meta":{"_acf_changed":false,"_monsterinsights_skip_tracking":false,"ep_exclude_from_search":false,"footnotes":""},"categories":[69],"tags":[],"class_list":["post-56974","post","type-post","status-publish","format-standard","has-post-thumbnail","hentry","category-vida-y-bienestar"],"acf":[],"aioseo_notices":[],"_links":{"self":[{"href":"https:\/\/noticel.com\/en\/wp-json\/wp\/v2\/posts\/56974","targetHints":{"allow":["GET"]}}],"collection":[{"href":"https:\/\/noticel.com\/en\/wp-json\/wp\/v2\/posts"}],"about":[{"href":"https:\/\/noticel.com\/en\/wp-json\/wp\/v2\/types\/post"}],"replies":[{"embeddable":true,"href":"https:\/\/noticel.com\/en\/wp-json\/wp\/v2\/comments?post=56974"}],"version-history":[{"count":1,"href":"https:\/\/noticel.com\/en\/wp-json\/wp\/v2\/posts\/56974\/revisions"}],"predecessor-version":[{"id":888784,"href":"https:\/\/noticel.com\/en\/wp-json\/wp\/v2\/posts\/56974\/revisions\/888784"}],"wp:featuredmedia":[{"embeddable":true,"href":"https:\/\/noticel.com\/en\/wp-json\/wp\/v2\/media\/888771"}],"wp:attachment":[{"href":"https:\/\/noticel.com\/en\/wp-json\/wp\/v2\/media?parent=56974"}],"wp:term":[{"taxonomy":"category","embeddable":true,"href":"https:\/\/noticel.com\/en\/wp-json\/wp\/v2\/categories?post=56974"},{"taxonomy":"post_tag","embeddable":true,"href":"https:\/\/noticel.com\/en\/wp-json\/wp\/v2\/tags?post=56974"}],"curies":[{"name":"wp","href":"https:\/\/api.w.org\/{rel}","templated":true}]}}