{"id":5689,"date":"2020-01-24T00:00:00","date_gmt":"2020-01-24T04:00:00","guid":{"rendered":"https:\/\/test.noticel.com\/pop\/vida\/20200124\/libros-musica-y-exposiciones-como-parte-de-la-oferta-cultural-este-wiken\/"},"modified":"2025-07-20T16:22:35","modified_gmt":"2025-07-20T16:22:35","slug":"libros-musica-y-exposiciones-como-parte-de-la-oferta-cultural-este-wiken","status":"publish","type":"post","link":"https:\/\/noticel.com\/en\/vida-y-bienestar\/20200124\/libros-musica-y-exposiciones-como-parte-de-la-oferta-cultural-este-wiken\/","title":{"rendered":"Libros, m\u00fasica y exposiciones como parte de la oferta cultural este wik\u00e9n"},"content":{"rendered":"<p><i>Actividades del 23 al 26 de enero<\/i><\/p>\n<p>El ambiente cultural comienza a recuperarse luego de dos semanas de sismos intensos que han afectado la isla y este fin de semana la literatura y la m\u00fasica protagonizar\u00e1n el calendario de actividades. A continuaci\u00f3n, una muestra.<\/p>\n<p><strong>Jueves 23 de enero<\/strong><\/p>\n<p>7:00 pm | Presentaci\u00f3n del libro &#8216;Violencia nuestra de cada d\u00eda&#8217;, de la Editorial Arete Boricua. Es una antolog\u00eda de voces en contra de la violencia de genero. En la librer\u00eda Casa Norberto, Plaza Las Americas.<\/p>\n<p><strong>Viernes 24 de enero<\/strong><\/p>\n<p>7:00 pm | Presentaci\u00f3n del libro de cuentos &#8216;De sombras y claridad&#8217;, publicado por Iniciativa Comunitaria. En la librer\u00eda Casa Norberto, Plaza Las Americas.<\/p>\n<p>7:00 pm | Presentaci\u00f3n del libro &#8216;Alcantarillados: 30 a\u00f1os de punk en Puerto Rico, 1980-2010&#8217;. Luego se presentar\u00e1 un performance de la banda punk La Experiencia de To\u00f1ito Cabanillas. En la librer\u00eda Libros AC, avenida Ponce de Le\u00f3n 1510, Santurce.<\/p>\n<p>7:30 pm | Regresan las &#8216;Adoqu\u00edn Jamming Nights&#8217; en la Plaza de Armas y la Plaza Col\u00f3n del Viejo San Juan, donde los asistentes disfrutar\u00e1n de m\u00fasica variada. En esta edici\u00f3n participar\u00e1n Brendaly Rivera y Chamir Bonano.<\/p>\n<p><strong>S\u00e1bado 25 de enero<\/strong><\/p><div class=\"notic-content-middle\" id=\"notic-3555889562\"><div class=\"notic-adlabel\">Advertisements<\/div><a data-no-instant=\"1\" href=\"https:\/\/www.asegurate-bien.com\/\" rel=\"noopener\" class=\"a2t-link\" target=\"_blank\" aria-label=\"Acodese-Adaptaciones-Noticel-970&#215;90\"><img loading=\"lazy\" decoding=\"async\" src=\"https:\/\/cdn.noticel.com\/2026\/07\/30100146\/Acodese-Adaptaciones-Noticel-970x90-1.jpg\" alt=\"\"  srcset=\"https:\/\/cdn.noticel.com\/2026\/07\/30100146\/Acodese-Adaptaciones-Noticel-970x90-1.jpg 970w, https:\/\/cdn.noticel.com\/2026\/07\/30100146\/Acodese-Adaptaciones-Noticel-970x90-1-300x28.jpg 300w, https:\/\/cdn.noticel.com\/2026\/07\/30100146\/Acodese-Adaptaciones-Noticel-970x90-1-768x71.jpg 768w, https:\/\/cdn.noticel.com\/2026\/07\/30100146\/Acodese-Adaptaciones-Noticel-970x90-1-18x2.jpg 18w\" sizes=\"(max-width: 970px) 100vw, 970px\" width=\"970\" height=\"90\"   \/><\/a><\/div>\n<p>9:00 am | Mercado Agr\u00edcola Natural en el Museo de San Juan, ubicado en la Calle Norzagaray del Viejo San Juan. En este mercado los visitantes tienen la oportunidad de adquirir productos naturales y org\u00e1nicos.<\/p>\n<p>9:00 am | Exposici\u00f3n &#8216;Voy subiendo, voy bajando&#8217; que conmemora los 50 a\u00f1os de las Fiestas de la Calle San Sebasti\u00e1n. En la Galer\u00eda San Juan Bautista. La exposici\u00f3n cuenta con una variedad de fotograf\u00edas que recogen la esencia y transformaci\u00f3n de la celebraci\u00f3n cultural m\u00e1s importante de Puerto Rico. La Galer\u00eda est\u00e1 abierta al p\u00fablico de martes a s\u00e1bado de 9:00 am a 12:00 pm y de 1:00 pm a 4:00 pm. Mientras, los domingos permanece abierta en un horario de 12:00 pm a 5:00 pm.<\/p>\n<p>11:00 am | Presentaci\u00f3n musical &#8216;Chabela con su M\u00fasica DeAverdura&#8217; en la Plaza del Mercado de R\u00edo Piedras.<\/p>\n<p>1:00 pm | Presentaci\u00f3n del libro &#8216;Hacia una pr\u00e1ctica transformadora en trabajo social: Implicaciones para la defensa de los derechos humanos y sociales&#8217;, de la doctora Isabel Feliciano Giboyeaux. En la librer\u00eda Casa Norberto, Plaza Las Americas.<\/p>\n<p>9:00 pm | Presentaci\u00f3n del grupo Plenealo como parte del evento &#8216;V\u00e1monos de parranda&#8217;. En Las Pic\u00faas Mini Market, R\u00edo Grande.<\/p>\n<p><strong>Domingo 26 de enero<\/strong><\/p>\n<p>12:00 pm | Lectura dramatizada de los libros infantiles &#8216;Yo opino&#8217; y &#8216;Es m\u00edo&#8217; de Ita Venegas Perez. La lectura estar\u00e1 a cargo de Mickey Negr\u00f3n y Kairiana N\u00fa\u00f1ez Santaliz bajo la direcci\u00f3n de Maritza Perez Otero. En la librer\u00eda El Candil, calle Uni\u00f3n 93, Ponce.<\/p>\n<p>6:00 pm | Domingo de jazz en La Goyco con la presentaci\u00f3n musical de Mahya Veray. En el patio posterior del Taller Comunidad La Goyco, antes escuela Pedro Goyco, calle Lo\u00edza.<\/p>\n<p><em>*Si interesa que su actividad sea considerada para incluir en nuestro calendario, por favor remita la informaci\u00f3n completa a noticelmesa@noticel.com.<\/em><\/p>","protected":false},"excerpt":{"rendered":"<p>Actividades del 23 al 26 de enero El ambiente cultural comienza a recuperarse luego de dos semanas de sismos intensos que han afectado la isla y este fin de semana la literatura y la m\u00fasica protagonizar\u00e1n el calendario de actividades. A continuaci\u00f3n, una muestra. Jueves 23 de enero 7:00 pm | Presentaci\u00f3n del libro &#8216;Violencia [&hellip;]<\/p>","protected":false},"author":0,"featured_media":539264,"comment_status":"closed","ping_status":"closed","sticky":false,"template":"","format":"standard","meta":{"_acf_changed":false,"_monsterinsights_skip_tracking":false,"ep_exclude_from_search":false,"footnotes":""},"categories":[69],"tags":[],"class_list":["post-5689","post","type-post","status-publish","format-standard","has-post-thumbnail","hentry","category-vida-y-bienestar"],"acf":[],"aioseo_notices":[],"_links":{"self":[{"href":"https:\/\/noticel.com\/en\/wp-json\/wp\/v2\/posts\/5689","targetHints":{"allow":["GET"]}}],"collection":[{"href":"https:\/\/noticel.com\/en\/wp-json\/wp\/v2\/posts"}],"about":[{"href":"https:\/\/noticel.com\/en\/wp-json\/wp\/v2\/types\/post"}],"replies":[{"embeddable":true,"href":"https:\/\/noticel.com\/en\/wp-json\/wp\/v2\/comments?post=5689"}],"version-history":[{"count":1,"href":"https:\/\/noticel.com\/en\/wp-json\/wp\/v2\/posts\/5689\/revisions"}],"predecessor-version":[{"id":539265,"href":"https:\/\/noticel.com\/en\/wp-json\/wp\/v2\/posts\/5689\/revisions\/539265"}],"wp:featuredmedia":[{"embeddable":true,"href":"https:\/\/noticel.com\/en\/wp-json\/wp\/v2\/media\/539264"}],"wp:attachment":[{"href":"https:\/\/noticel.com\/en\/wp-json\/wp\/v2\/media?parent=5689"}],"wp:term":[{"taxonomy":"category","embeddable":true,"href":"https:\/\/noticel.com\/en\/wp-json\/wp\/v2\/categories?post=5689"},{"taxonomy":"post_tag","embeddable":true,"href":"https:\/\/noticel.com\/en\/wp-json\/wp\/v2\/tags?post=5689"}],"curies":[{"name":"wp","href":"https:\/\/api.w.org\/{rel}","templated":true}]}}