{"id":56662,"date":"2016-10-14T00:00:00","date_gmt":"2016-10-14T04:00:00","guid":{"rendered":"http:\/\/www.noticel.com\/la-calle\/20161014\/reportan-mas-robos-con-payasos-en-san-juan\/"},"modified":"2025-07-30T08:17:35","modified_gmt":"2025-07-30T08:17:35","slug":"reportan-mas-robos-con-payasos-en-san-juan","status":"publish","type":"post","link":"https:\/\/noticel.com\/en\/noticias\/la-calle\/20161014\/reportan-mas-robos-con-payasos-en-san-juan\/","title":{"rendered":"Reportan m\u00e1s robos con payasos en San Juan"},"content":{"rendered":"<p>Se report\u00f3 un robo a las 11:45 de la noche del jueves, en la carretera PR-176 Camino los Andinos cerca del Cafet\u00edn el Farolito de Cupey con enmascarados de payasos, inform\u00f3 el viernes, la Polic\u00eda.<\/p>\n<p>Seg\u00fan la informaci\u00f3n policial, aleg\u00f3 el perjudicado, que tres individuos, dos de ellos con m\u00e1scaras de payaso y uno vestido de negro y portando arma de fuego, mediante fuerza e intimidaci\u00f3n lo despojaron de dos cadenas de oro, cartera con documentos personales, 140 d\u00f3lares y un celular Samsung Galaxy.<\/p><div class=\"notic-content-middle\" id=\"notic-1032407273\"><div class=\"notic-adlabel\">Advertisements<\/div><a data-no-instant=\"1\" href=\"https:\/\/qrco.de\/bgxd5v\" rel=\"noopener\" class=\"a2t-link\" target=\"_blank\" aria-label=\"DisplayAd-728&#215;903\"><img loading=\"lazy\" decoding=\"async\" src=\"https:\/\/cdn.noticel.com\/2026\/09\/02195509\/DisplayAd-728x903-1.jpg\" alt=\"\"  srcset=\"https:\/\/cdn.noticel.com\/2026\/09\/02195509\/DisplayAd-728x903-1.jpg 728w, https:\/\/cdn.noticel.com\/2026\/09\/02195509\/DisplayAd-728x903-1-300x37.jpg 300w, https:\/\/cdn.noticel.com\/2026\/09\/02195509\/DisplayAd-728x903-1-18x2.jpg 18w\" sizes=\"(max-width: 728px) 100vw, 728px\" width=\"728\" height=\"90\"   \/><\/a><\/div>\n<p>No se inform\u00f3 de la condici\u00f3n de la v\u00edctima.<\/p>\n<p>Agentes de la Divisi\u00f3n de Robo del Cuerpo de Investigaciones Criminales (CIC) de San Juan se hicieron cargo de la investigaci\u00f3n.<\/p>","protected":false},"excerpt":{"rendered":"<p>Se report\u00f3 un robo a las 11:45 de la noche del jueves, en la carretera PR-176 Camino los Andinos cerca del Cafet\u00edn el Farolito de Cupey con enmascarados de payasos, inform\u00f3 el viernes, la Polic\u00eda. Seg\u00fan la informaci\u00f3n policial, aleg\u00f3 el perjudicado, que tres individuos, dos de ellos con m\u00e1scaras de payaso y uno vestido [&hellip;]<\/p>","protected":false},"author":0,"featured_media":615435,"comment_status":"closed","ping_status":"closed","sticky":false,"template":"","format":"standard","meta":{"_acf_changed":false,"_monsterinsights_skip_tracking":false,"ep_exclude_from_search":false,"footnotes":""},"categories":[12],"tags":[],"class_list":["post-56662","post","type-post","status-publish","format-standard","has-post-thumbnail","hentry","category-la-calle"],"acf":[],"aioseo_notices":[],"_links":{"self":[{"href":"https:\/\/noticel.com\/en\/wp-json\/wp\/v2\/posts\/56662","targetHints":{"allow":["GET"]}}],"collection":[{"href":"https:\/\/noticel.com\/en\/wp-json\/wp\/v2\/posts"}],"about":[{"href":"https:\/\/noticel.com\/en\/wp-json\/wp\/v2\/types\/post"}],"replies":[{"embeddable":true,"href":"https:\/\/noticel.com\/en\/wp-json\/wp\/v2\/comments?post=56662"}],"version-history":[{"count":1,"href":"https:\/\/noticel.com\/en\/wp-json\/wp\/v2\/posts\/56662\/revisions"}],"predecessor-version":[{"id":615445,"href":"https:\/\/noticel.com\/en\/wp-json\/wp\/v2\/posts\/56662\/revisions\/615445"}],"wp:featuredmedia":[{"embeddable":true,"href":"https:\/\/noticel.com\/en\/wp-json\/wp\/v2\/media\/615435"}],"wp:attachment":[{"href":"https:\/\/noticel.com\/en\/wp-json\/wp\/v2\/media?parent=56662"}],"wp:term":[{"taxonomy":"category","embeddable":true,"href":"https:\/\/noticel.com\/en\/wp-json\/wp\/v2\/categories?post=56662"},{"taxonomy":"post_tag","embeddable":true,"href":"https:\/\/noticel.com\/en\/wp-json\/wp\/v2\/tags?post=56662"}],"curies":[{"name":"wp","href":"https:\/\/api.w.org\/{rel}","templated":true}]}}