{"id":56605,"date":"2011-09-21T00:00:00","date_gmt":"2011-09-21T04:00:00","guid":{"rendered":"http:\/\/www.noticel.com\/economia\/20110921\/aumentan-las-ventas-de-casas-en-eeuu\/"},"modified":"2025-08-28T12:47:13","modified_gmt":"2025-08-28T12:47:13","slug":"aumentan-las-ventas-de-casas-en-eeuu","status":"publish","type":"post","link":"https:\/\/noticel.com\/en\/economia\/20110921\/aumentan-las-ventas-de-casas-en-eeuu\/","title":{"rendered":"Aumentan las ventas de casas en EEUU"},"content":{"rendered":"<p>Las ventas de casas usadas en Estados Unidos subieron m\u00e1s de lo esperado en agosto y a su tasa anual m\u00e1s alta desde marzo, ya que las bajas en los precios y los menores tipos de inter\u00e9s atrajeron a m\u00e1s compradores al mercado, mostr\u00f3 el mi\u00e9rcoles un informe privado.<\/p>\n<p>La Asociaci\u00f3n Nacional de Agentes Inmobiliarios dijo que las ventas aumentaron un 7,7% mensual a una tasa anual de 5,03 millones de unidades, informa Reuters. El precio medio fue un 5,1% m\u00e1s bajo que hace un a\u00f1o.<\/p>\n<p>El alza de los arriendos tambi\u00e9n ayud\u00f3 a los estadounidenses a decidirse a comprar propiedades, indic\u00f3 la agencia.<\/p><div class=\"notic-content-middle\" id=\"notic-2352807578\"><div class=\"notic-adlabel\">Advertisements<\/div><a data-no-instant=\"1\" href=\"https:\/\/www.asegurate-bien.com\/\" rel=\"noopener\" class=\"a2t-link\" target=\"_blank\" aria-label=\"Acodese-Adaptaciones-Noticel-300&#215;600\"><img loading=\"lazy\" decoding=\"async\" src=\"https:\/\/cdn.noticel.com\/2026\/05\/30094652\/Acodese-Adaptaciones-Noticel-300x600-1.jpg\" alt=\"\"  srcset=\"https:\/\/cdn.noticel.com\/2026\/05\/30094652\/Acodese-Adaptaciones-Noticel-300x600-1.jpg 300w, https:\/\/cdn.noticel.com\/2026\/05\/30094652\/Acodese-Adaptaciones-Noticel-300x600-1-150x300.jpg 150w, https:\/\/cdn.noticel.com\/2026\/05\/30094652\/Acodese-Adaptaciones-Noticel-300x600-1-6x12.jpg 6w\" sizes=\"(max-width: 300px) 100vw, 300px\" width=\"300\" height=\"600\"   \/><\/a><\/div>\n<p>&#8216;Las condiciones favorables de asequibilidad y las alzas de las rentas son motivaciones subyacentes&#8217;, dijo en un comunicado Lawrence Yun, economista jefe de la asociaci\u00f3n.<\/p>\n<p>Yun explic\u00f3 que el aumento en las ventas se produjo pese a algunas perturbaciones causadas por el hurac\u00e1n Irene, que afect\u00f3 a gran parte de la costa este a fines de mes.<\/p>","protected":false},"excerpt":{"rendered":"<p>Las ventas de casas usadas en Estados Unidos subieron m\u00e1s de lo esperado en agosto y a su tasa anual m\u00e1s alta desde marzo, ya que las bajas en los precios y los menores tipos de inter\u00e9s atrajeron a m\u00e1s compradores al mercado, mostr\u00f3 el mi\u00e9rcoles un informe privado. La Asociaci\u00f3n Nacional de Agentes Inmobiliarios [&hellip;]<\/p>","protected":false},"author":0,"featured_media":923499,"comment_status":"closed","ping_status":"closed","sticky":false,"template":"","format":"standard","meta":{"_acf_changed":false,"_monsterinsights_skip_tracking":false,"ep_exclude_from_search":false,"footnotes":""},"categories":[22],"tags":[],"class_list":["post-56605","post","type-post","status-publish","format-standard","has-post-thumbnail","hentry","category-economia"],"acf":[],"aioseo_notices":[],"_links":{"self":[{"href":"https:\/\/noticel.com\/en\/wp-json\/wp\/v2\/posts\/56605","targetHints":{"allow":["GET"]}}],"collection":[{"href":"https:\/\/noticel.com\/en\/wp-json\/wp\/v2\/posts"}],"about":[{"href":"https:\/\/noticel.com\/en\/wp-json\/wp\/v2\/types\/post"}],"replies":[{"embeddable":true,"href":"https:\/\/noticel.com\/en\/wp-json\/wp\/v2\/comments?post=56605"}],"version-history":[{"count":1,"href":"https:\/\/noticel.com\/en\/wp-json\/wp\/v2\/posts\/56605\/revisions"}],"predecessor-version":[{"id":923541,"href":"https:\/\/noticel.com\/en\/wp-json\/wp\/v2\/posts\/56605\/revisions\/923541"}],"wp:featuredmedia":[{"embeddable":true,"href":"https:\/\/noticel.com\/en\/wp-json\/wp\/v2\/media\/923499"}],"wp:attachment":[{"href":"https:\/\/noticel.com\/en\/wp-json\/wp\/v2\/media?parent=56605"}],"wp:term":[{"taxonomy":"category","embeddable":true,"href":"https:\/\/noticel.com\/en\/wp-json\/wp\/v2\/categories?post=56605"},{"taxonomy":"post_tag","embeddable":true,"href":"https:\/\/noticel.com\/en\/wp-json\/wp\/v2\/tags?post=56605"}],"curies":[{"name":"wp","href":"https:\/\/api.w.org\/{rel}","templated":true}]}}