{"id":56405,"date":"2014-07-09T00:00:00","date_gmt":"2014-07-09T04:00:00","guid":{"rendered":"http:\/\/www.noticel.com\/ahora\/20140709\/allanan-casa-y-oficinas-de-incorporador-de-tropical-solar-farm-documento\/"},"modified":"2025-08-18T10:38:51","modified_gmt":"2025-08-18T10:38:51","slug":"allanan-casa-y-oficinas-de-incorporador-de-tropical-solar-farm-documento","status":"publish","type":"post","link":"https:\/\/noticel.com\/en\/ultima-hora\/20140709\/allanan-casa-y-oficinas-de-incorporador-de-tropical-solar-farm-documento\/","title":{"rendered":"Allanan casa y oficinas de incorporador de Tropical Solar Farm (documento)"},"content":{"rendered":"<p>El Negociado de Investigaciones Especiales allan\u00f3 ayer la casa y oficinas del contable Roberto Torres Torres en Yauco en relaci\u00f3n a una investigaci\u00f3n en curso sobre los contratos de energ\u00eda renovable de la Autoridad de Energ\u00eda Electrica.<\/p>\n<p>Seg\u00fan inform\u00f3 el Departamento de Justicia a la prensa, se diligenciaron dos \u00f3rdenes de registro y allanamiento en ambas localidades.<\/p>\n<p>La pesquisa en cuesti\u00f3n se refiere a dos contratos de energ\u00eda renovable otorgados en el 2012 por la corporaci\u00f3n p\u00fablica a las empresas Tropical Solar Farm y Jonas Solar Energy ascendentes a $190 millones en las que pudo haber medidado presunto favoritismo. Torres Torres, incorporador de las empresas, era a su vez vecino del exvicepresidente de la Junta de Gobierno de la AEE, Jos\u00e9 P\u00e9rez Canabal.<\/p>\n<p><a href=\"https:\/\/noticel.com\/en\/noticia\/126241\/piden-investigar-millonario-contrato-a-miembro-de-junta-gobierno-aee-documentos.html\/\" target=\"_blank\">La denuncia inicial fue hecha p\u00fablica en el 2012 por la Uni\u00f3n de Trabajadores de la Industria El\u00e9ctrica y Riego (UTIER)<\/a> y jubilados de la AEE quienes mostraron documentos que que vinculaban a Torres Torres con P\u00e9rez Canabal. El entonces gobernador Luis Fortu\u00f1o, refiri\u00f3 el asunto a Justicia y la Oficina de \u00c9tica Gubernamental (OEG) .<\/p><div class=\"notic-content-middle\" id=\"notic-1994661598\"><div class=\"notic-adlabel\">Advertisements<\/div><a data-no-instant=\"1\" href=\"https:\/\/qrco.de\/bgxd5v\" rel=\"noopener\" class=\"a2t-link\" target=\"_blank\" aria-label=\"DisplayAds-970&#215;250\"><img loading=\"lazy\" decoding=\"async\" src=\"https:\/\/cdn.noticel.com\/2026\/09\/02200716\/DisplayAds-970x250-1.jpg\" alt=\"\"  srcset=\"https:\/\/cdn.noticel.com\/2026\/09\/02200716\/DisplayAds-970x250-1.jpg 970w, https:\/\/cdn.noticel.com\/2026\/09\/02200716\/DisplayAds-970x250-1-300x77.jpg 300w, https:\/\/cdn.noticel.com\/2026\/09\/02200716\/DisplayAds-970x250-1-768x198.jpg 768w, https:\/\/cdn.noticel.com\/2026\/09\/02200716\/DisplayAds-970x250-1-18x5.jpg 18w\" sizes=\"(max-width: 970px) 100vw, 970px\" width=\"970\" height=\"250\"   \/><\/a><\/div>\n<p>El licenciado Antonio Sagard\u00eda, quien se identific\u00f3 como representante de P\u00e9rez Canabal, neg\u00f3 el martes en entrevista radial (WKAQ) que P\u00e9rez Canabal y Torres Torres fuesen socios. El propio P\u00e9rez Canabal tambi\u00e9n hab\u00eda rechazado el v\u00ednculo en <a href=\"https:\/\/noticel.com\/en\/noticia\/126299\/es-la-informacion-de-mi-cpa-se-defiende-perez-canabal.html\/\" target=\"_blank\">entrevista con NotiCel en el 2012, pero entonces reconoci\u00f3 que Torres Torres era su contable<\/a>.<\/p>\n<p>Tras las denuncias de la UTIER, Tropical Solar Farm demand\u00f3 por libelo y calumnia al gremio y a los medios de comunicaci\u00f3n que publicaron la informaci\u00f3n, incluyendo a NotiCel y el pasado 24 de junio la demanda fue desestimada. La jueza Sonia Santana Sep\u00falveda concluy\u00f3 que la informaci\u00f3n difundida por los medios era esencialmente correcta y que pedirle a la prensa que ignore una conferencia de prensa con contenido de alto inter\u00e9s p\u00fablico o que espere a que se conduzca una investigaci\u00f3n del Estado antes de publicar, como lo hizo el demandante, ser\u00eda el equivalente a &#8216;imponerle censura previa o una mordaza a los medios&#8217;.<\/p>\n<p><a href=\"https:\/\/media.noticel.com\/o2com-noti-media-us-east-1\/document_dev\/2017\/08\/23\/6078fc14ac6af822ed5b1acb34c4b7c7_8194789_ver1.0.pdf\" target=\"_blank\"> Sentencia Tropical Solar Farm_7658<\/a><\/p>","protected":false},"excerpt":{"rendered":"<p>El Negociado de Investigaciones Especiales allan\u00f3 ayer la casa y oficinas del contable Roberto Torres Torres en Yauco en relaci\u00f3n a una investigaci\u00f3n en curso sobre los contratos de energ\u00eda renovable de la Autoridad de Energ\u00eda Electrica. Seg\u00fan inform\u00f3 el Departamento de Justicia a la prensa, se diligenciaron dos \u00f3rdenes de registro y allanamiento en [&hellip;]<\/p>","protected":false},"author":0,"featured_media":868497,"comment_status":"closed","ping_status":"closed","sticky":false,"template":"","format":"standard","meta":{"_acf_changed":false,"_monsterinsights_skip_tracking":false,"ep_exclude_from_search":false,"footnotes":""},"categories":[2],"tags":[],"class_list":["post-56405","post","type-post","status-publish","format-standard","has-post-thumbnail","hentry","category-ultima-hora"],"acf":[],"aioseo_notices":[],"_links":{"self":[{"href":"https:\/\/noticel.com\/en\/wp-json\/wp\/v2\/posts\/56405","targetHints":{"allow":["GET"]}}],"collection":[{"href":"https:\/\/noticel.com\/en\/wp-json\/wp\/v2\/posts"}],"about":[{"href":"https:\/\/noticel.com\/en\/wp-json\/wp\/v2\/types\/post"}],"replies":[{"embeddable":true,"href":"https:\/\/noticel.com\/en\/wp-json\/wp\/v2\/comments?post=56405"}],"version-history":[{"count":1,"href":"https:\/\/noticel.com\/en\/wp-json\/wp\/v2\/posts\/56405\/revisions"}],"predecessor-version":[{"id":868506,"href":"https:\/\/noticel.com\/en\/wp-json\/wp\/v2\/posts\/56405\/revisions\/868506"}],"wp:featuredmedia":[{"embeddable":true,"href":"https:\/\/noticel.com\/en\/wp-json\/wp\/v2\/media\/868497"}],"wp:attachment":[{"href":"https:\/\/noticel.com\/en\/wp-json\/wp\/v2\/media?parent=56405"}],"wp:term":[{"taxonomy":"category","embeddable":true,"href":"https:\/\/noticel.com\/en\/wp-json\/wp\/v2\/categories?post=56405"},{"taxonomy":"post_tag","embeddable":true,"href":"https:\/\/noticel.com\/en\/wp-json\/wp\/v2\/tags?post=56405"}],"curies":[{"name":"wp","href":"https:\/\/api.w.org\/{rel}","templated":true}]}}