{"id":56402,"date":"2016-02-05T00:00:00","date_gmt":"2016-02-05T04:00:00","guid":{"rendered":"http:\/\/www.noticel.com\/baloncesto\/deportes\/nba\/20160205\/cortijo-en-la-wnba-mientras-el-reto-sea-mas-grande-mejor-video\/"},"modified":"2025-07-28T16:06:01","modified_gmt":"2025-07-28T16:06:01","slug":"cortijo-en-la-wnba-mientras-el-reto-sea-mas-grande-mejor-video","status":"publish","type":"post","link":"https:\/\/noticel.com\/en\/deportes\/20160205\/cortijo-en-la-wnba-mientras-el-reto-sea-mas-grande-mejor-video\/","title":{"rendered":"Cortijo en la WNBA: &#8216;Mientras el reto sea m\u00e1s grande, mejor&#8217; (v\u00eddeo)"},"content":{"rendered":"<p>Carla Cortijo regresar\u00e1 por segundo a\u00f1o consecutivo a jugar con el club Dream de Atlanta en la WNBA, la principal liga de baloncesto femenina de EE.UU., para la temporada que comienza el 14 de mayo.<\/p>\n<p>El director general del Baloncesto Superior Nacional Femenino (BSNF), Luis Gabriel Miranda Ramos, celebr\u00f3 el triunfo de la baloncelista. &#8216;Nos enorgullece grandemente que Carla (Cortijo) pueda tener la oportunidad de demostrar sus quilates desde el primer d\u00eda de la temporada. Sabemos sus grandes cualidades como jugadora y como persona debido a su exitosa trayectoria en nuestra Liga&#8217;, dijo.<\/p><div class=\"notic-content-middle\" id=\"notic-3789553388\"><div class=\"notic-adlabel\">Advertisements<\/div><a data-no-instant=\"1\" href=\"https:\/\/qrco.de\/bgxd5v\" rel=\"noopener\" class=\"a2t-link\" target=\"_blank\" aria-label=\"DisplayAd-728&#215;903\"><img loading=\"lazy\" decoding=\"async\" src=\"https:\/\/cdn.noticel.com\/2026\/09\/02195509\/DisplayAd-728x903-1.jpg\" alt=\"\"  srcset=\"https:\/\/cdn.noticel.com\/2026\/09\/02195509\/DisplayAd-728x903-1.jpg 728w, https:\/\/cdn.noticel.com\/2026\/09\/02195509\/DisplayAd-728x903-1-300x37.jpg 300w, https:\/\/cdn.noticel.com\/2026\/09\/02195509\/DisplayAd-728x903-1-18x2.jpg 18w\" sizes=\"(max-width: 728px) 100vw, 728px\" width=\"728\" height=\"90\"   \/><\/a><\/div>\n<p><a href=\"https:\/\/noticel.com\/en\/noticia\/186312\/meta-cumplida-para-carla-cortijo.html\/\" target=\"_blank\">Cortijo<\/a> rememor\u00f3los sacrificios y obst\u00e1culos que super\u00f3 para finalmente llegar a la WNBA, no sin antes afirmar que &#8216;mientras el reto sea m\u00e1s grande, mejor para m\u00ed&#8217;.<\/p>","protected":false},"excerpt":{"rendered":"<p>Carla Cortijo regresar\u00e1 por segundo a\u00f1o consecutivo a jugar con el club Dream de Atlanta en la WNBA, la principal liga de baloncesto femenina de EE.UU., para la temporada que comienza el 14 de mayo. El director general del Baloncesto Superior Nacional Femenino (BSNF), Luis Gabriel Miranda Ramos, celebr\u00f3 el triunfo de la baloncelista. &#8216;Nos [&hellip;]<\/p>","protected":false},"author":0,"featured_media":601330,"comment_status":"closed","ping_status":"closed","sticky":false,"template":"","format":"standard","meta":{"_acf_changed":false,"_monsterinsights_skip_tracking":false,"ep_exclude_from_search":false,"footnotes":""},"categories":[33,31],"tags":[],"class_list":["post-56402","post","type-post","status-publish","format-standard","has-post-thumbnail","hentry","category-baloncesto","category-deportes"],"acf":[],"aioseo_notices":[],"_links":{"self":[{"href":"https:\/\/noticel.com\/en\/wp-json\/wp\/v2\/posts\/56402","targetHints":{"allow":["GET"]}}],"collection":[{"href":"https:\/\/noticel.com\/en\/wp-json\/wp\/v2\/posts"}],"about":[{"href":"https:\/\/noticel.com\/en\/wp-json\/wp\/v2\/types\/post"}],"replies":[{"embeddable":true,"href":"https:\/\/noticel.com\/en\/wp-json\/wp\/v2\/comments?post=56402"}],"version-history":[{"count":1,"href":"https:\/\/noticel.com\/en\/wp-json\/wp\/v2\/posts\/56402\/revisions"}],"predecessor-version":[{"id":601356,"href":"https:\/\/noticel.com\/en\/wp-json\/wp\/v2\/posts\/56402\/revisions\/601356"}],"wp:featuredmedia":[{"embeddable":true,"href":"https:\/\/noticel.com\/en\/wp-json\/wp\/v2\/media\/601330"}],"wp:attachment":[{"href":"https:\/\/noticel.com\/en\/wp-json\/wp\/v2\/media?parent=56402"}],"wp:term":[{"taxonomy":"category","embeddable":true,"href":"https:\/\/noticel.com\/en\/wp-json\/wp\/v2\/categories?post=56402"},{"taxonomy":"post_tag","embeddable":true,"href":"https:\/\/noticel.com\/en\/wp-json\/wp\/v2\/tags?post=56402"}],"curies":[{"name":"wp","href":"https:\/\/api.w.org\/{rel}","templated":true}]}}