{"id":56309,"date":"2013-07-05T00:00:00","date_gmt":"2013-07-05T04:00:00","guid":{"rendered":"http:\/\/www.noticel.com\/ahora\/20130705\/arranca-la-asamblea-de-la-juventud-del-pnp\/"},"modified":"2025-08-23T07:12:42","modified_gmt":"2025-08-23T07:12:42","slug":"arranca-la-asamblea-de-la-juventud-del-pnp","status":"publish","type":"post","link":"https:\/\/noticel.com\/en\/ultima-hora\/20130705\/arranca-la-asamblea-de-la-juventud-del-pnp\/","title":{"rendered":"Arranca la Asamblea de la Juventud del PNP"},"content":{"rendered":"<p>El presidente de la Juventud Estatal del Partido Nuevo Progresista (PNP) Ricardo &#8216;Ricky&#8217; Rodr\u00edguez recibi\u00f3 a los j\u00f3venes estadistas en el Hotel Treasure Island en Cidra para celebrar durante este fin de semana su tercera convenci\u00f3n que lleva como lema: Unidos por la Estadidad.<\/p>\n<p>&#8216;Durante estos d\u00edas queremos llevar el mensaje de que nuestro Partido y todos los j\u00f3venes estamos Unidos por la Estadidad y que ahora ese es nuestro norte, hacer valer los resultados obtenidos en la consulta del pasado 6 de noviembre y exigir al Congreso que queremos ser parte de la Naci\u00f3n Am\u00e9rica con todos los derechos que nos corresponde&#8217;, sostuvo Rodr\u00edguez en comunicado de prensa.<\/p><div class=\"notic-content-middle\" id=\"notic-1738146327\"><div class=\"notic-adlabel\">Advertisements<\/div><a data-no-instant=\"1\" href=\"https:\/\/qrco.de\/bgxd5v\" rel=\"noopener\" class=\"a2t-link\" target=\"_blank\" aria-label=\"DisplayAd-970&#215;903\"><img loading=\"lazy\" decoding=\"async\" src=\"https:\/\/cdn.noticel.com\/2026\/08\/11175614\/DisplayAd-970x903-1.jpg\" alt=\"\"  srcset=\"https:\/\/cdn.noticel.com\/2026\/08\/11175614\/DisplayAd-970x903-1.jpg 970w, https:\/\/cdn.noticel.com\/2026\/08\/11175614\/DisplayAd-970x903-1-300x28.jpg 300w, https:\/\/cdn.noticel.com\/2026\/08\/11175614\/DisplayAd-970x903-1-768x71.jpg 768w, https:\/\/cdn.noticel.com\/2026\/08\/11175614\/DisplayAd-970x903-1-18x2.jpg 18w\" sizes=\"(max-width: 970px) 100vw, 970px\" width=\"970\" height=\"90\"   \/><\/a><\/div>\n<p>Mencion\u00f3 que en los tres d\u00edas de convenci\u00f3n los j\u00f3venes tendr\u00e1n la oportunidad de participar de foros a cargo de los l\u00edderes del Partido, entre ellos el presidente del PNP, Pedro Pierluisi; la alcaldesa de Ponce, Mar\u00eda &#8216;Mayita&#8217; Mel\u00e9ndez; el alcalde de Cidra, Javier Carrasquillo; el alcalde de Camuy, Edwin Garc\u00eda; el representante Jos\u00e9 Aponte y la licenciada Zaida &#8216;Cucusa&#8217; Hern\u00e1ndez.<\/p>\n<p>El domingo a las 10:00 de la ma\u00f1ana la Organizaci\u00f3n celebrar\u00e1 la Asamblea de la Juventud donde participar\u00e1n varios l\u00edderes del PNP.<\/p>","protected":false},"excerpt":{"rendered":"<p>El presidente de la Juventud Estatal del Partido Nuevo Progresista (PNP) Ricardo &#8216;Ricky&#8217; Rodr\u00edguez recibi\u00f3 a los j\u00f3venes estadistas en el Hotel Treasure Island en Cidra para celebrar durante este fin de semana su tercera convenci\u00f3n que lleva como lema: Unidos por la Estadidad. &#8216;Durante estos d\u00edas queremos llevar el mensaje de que nuestro Partido [&hellip;]<\/p>","protected":false},"author":0,"featured_media":895495,"comment_status":"closed","ping_status":"closed","sticky":false,"template":"","format":"standard","meta":{"_acf_changed":false,"_monsterinsights_skip_tracking":false,"ep_exclude_from_search":false,"footnotes":""},"categories":[2],"tags":[],"class_list":["post-56309","post","type-post","status-publish","format-standard","has-post-thumbnail","hentry","category-ultima-hora"],"acf":[],"aioseo_notices":[],"_links":{"self":[{"href":"https:\/\/noticel.com\/en\/wp-json\/wp\/v2\/posts\/56309","targetHints":{"allow":["GET"]}}],"collection":[{"href":"https:\/\/noticel.com\/en\/wp-json\/wp\/v2\/posts"}],"about":[{"href":"https:\/\/noticel.com\/en\/wp-json\/wp\/v2\/types\/post"}],"replies":[{"embeddable":true,"href":"https:\/\/noticel.com\/en\/wp-json\/wp\/v2\/comments?post=56309"}],"version-history":[{"count":1,"href":"https:\/\/noticel.com\/en\/wp-json\/wp\/v2\/posts\/56309\/revisions"}],"predecessor-version":[{"id":895525,"href":"https:\/\/noticel.com\/en\/wp-json\/wp\/v2\/posts\/56309\/revisions\/895525"}],"wp:featuredmedia":[{"embeddable":true,"href":"https:\/\/noticel.com\/en\/wp-json\/wp\/v2\/media\/895495"}],"wp:attachment":[{"href":"https:\/\/noticel.com\/en\/wp-json\/wp\/v2\/media?parent=56309"}],"wp:term":[{"taxonomy":"category","embeddable":true,"href":"https:\/\/noticel.com\/en\/wp-json\/wp\/v2\/categories?post=56309"},{"taxonomy":"post_tag","embeddable":true,"href":"https:\/\/noticel.com\/en\/wp-json\/wp\/v2\/tags?post=56309"}],"curies":[{"name":"wp","href":"https:\/\/api.w.org\/{rel}","templated":true}]}}