{"id":55808,"date":"2013-10-22T00:00:00","date_gmt":"2013-10-22T04:00:00","guid":{"rendered":"http:\/\/www.noticel.com\/economia\/20131022\/se-modera-la-inflacion-en-septiembre\/"},"modified":"2025-08-22T10:41:50","modified_gmt":"2025-08-22T10:41:50","slug":"se-modera-la-inflacion-en-septiembre","status":"publish","type":"post","link":"https:\/\/noticel.com\/en\/economia\/20131022\/se-modera-la-inflacion-en-septiembre\/","title":{"rendered":"Se modera la inflaci\u00f3n en septiembre"},"content":{"rendered":"<p>La inflaci\u00f3n se moder\u00f3 en septiembre y se situ\u00f3 en 1.3%, su nivel m\u00e1s bajo en los \u00faltimos tres meses.<\/p>\n<p>El Indice de Precios al Consumidor (IPC) creci\u00f3 0.1% entre agosto y septiembre, seg\u00fan los datos m\u00e1s recientes del Departamento del Trabajo y Recursos Humanos.<\/p>\n<p>Entre agosto y septiembre aumentaron los precios de Alimentos y Bebidas (0.3%); Alojamiento (0.7%, debido al incremento en el factor de ajuste para producir electricidad); Cuidado M\u00e9dico (0.3%, aumento en el costo de las medicinas recetadas); y Educaci\u00f3n y Comunicaci\u00f3n (0.2%).<\/p><div class=\"notic-content-middle\" id=\"notic-1091013195\"><div class=\"notic-adlabel\">Advertisements<\/div><a data-no-instant=\"1\" href=\"https:\/\/qrco.de\/bgxd5v\" rel=\"noopener\" class=\"a2t-link\" target=\"_blank\" aria-label=\"DisplayAd-728&#215;902\"><img loading=\"lazy\" decoding=\"async\" src=\"https:\/\/cdn.noticel.com\/2026\/09\/02195411\/DisplayAd-728x902-1.jpg\" alt=\"\"  srcset=\"https:\/\/cdn.noticel.com\/2026\/09\/02195411\/DisplayAd-728x902-1.jpg 728w, https:\/\/cdn.noticel.com\/2026\/09\/02195411\/DisplayAd-728x902-1-300x37.jpg 300w, https:\/\/cdn.noticel.com\/2026\/09\/02195411\/DisplayAd-728x902-1-18x2.jpg 18w\" sizes=\"(max-width: 728px) 100vw, 728px\" width=\"728\" height=\"90\"   \/><\/a><\/div>\n<p>Por otra parte, los precios disminuyeron en las categor\u00edas de Ropa (-0.2%); Transporte (-0.8%); y Entretenimiento (-0.6%).<\/p>\n<p>Para m\u00e1s sobre esta noticia visite Sincomillas.com.<\/p>","protected":false},"excerpt":{"rendered":"<p>La inflaci\u00f3n se moder\u00f3 en septiembre y se situ\u00f3 en 1.3%, su nivel m\u00e1s bajo en los \u00faltimos tres meses. El Indice de Precios al Consumidor (IPC) creci\u00f3 0.1% entre agosto y septiembre, seg\u00fan los datos m\u00e1s recientes del Departamento del Trabajo y Recursos Humanos. Entre agosto y septiembre aumentaron los precios de Alimentos y [&hellip;]<\/p>","protected":false},"author":0,"featured_media":889814,"comment_status":"closed","ping_status":"closed","sticky":false,"template":"","format":"standard","meta":{"_acf_changed":false,"_monsterinsights_skip_tracking":false,"ep_exclude_from_search":false,"footnotes":""},"categories":[22],"tags":[],"class_list":["post-55808","post","type-post","status-publish","format-standard","has-post-thumbnail","hentry","category-economia"],"acf":[],"aioseo_notices":[],"_links":{"self":[{"href":"https:\/\/noticel.com\/en\/wp-json\/wp\/v2\/posts\/55808","targetHints":{"allow":["GET"]}}],"collection":[{"href":"https:\/\/noticel.com\/en\/wp-json\/wp\/v2\/posts"}],"about":[{"href":"https:\/\/noticel.com\/en\/wp-json\/wp\/v2\/types\/post"}],"replies":[{"embeddable":true,"href":"https:\/\/noticel.com\/en\/wp-json\/wp\/v2\/comments?post=55808"}],"version-history":[{"count":1,"href":"https:\/\/noticel.com\/en\/wp-json\/wp\/v2\/posts\/55808\/revisions"}],"predecessor-version":[{"id":889844,"href":"https:\/\/noticel.com\/en\/wp-json\/wp\/v2\/posts\/55808\/revisions\/889844"}],"wp:featuredmedia":[{"embeddable":true,"href":"https:\/\/noticel.com\/en\/wp-json\/wp\/v2\/media\/889814"}],"wp:attachment":[{"href":"https:\/\/noticel.com\/en\/wp-json\/wp\/v2\/media?parent=55808"}],"wp:term":[{"taxonomy":"category","embeddable":true,"href":"https:\/\/noticel.com\/en\/wp-json\/wp\/v2\/categories?post=55808"},{"taxonomy":"post_tag","embeddable":true,"href":"https:\/\/noticel.com\/en\/wp-json\/wp\/v2\/tags?post=55808"}],"curies":[{"name":"wp","href":"https:\/\/api.w.org\/{rel}","templated":true}]}}