{"id":55556,"date":"2014-06-17T00:00:00","date_gmt":"2014-06-17T04:00:00","guid":{"rendered":"http:\/\/www.noticel.com\/ahora\/20140617\/hacienda-pide-posponer-la-aplicacion-del-nuevo-ivu-en-los-muelles\/"},"modified":"2025-08-19T23:31:09","modified_gmt":"2025-08-19T23:31:09","slug":"hacienda-pide-posponer-la-aplicacion-del-nuevo-ivu-en-los-muelles","status":"publish","type":"post","link":"https:\/\/noticel.com\/en\/ultima-hora\/20140617\/hacienda-pide-posponer-la-aplicacion-del-nuevo-ivu-en-los-muelles\/","title":{"rendered":"Hacienda pide posponer la aplicaci\u00f3n del nuevo IVU en los muelles"},"content":{"rendered":"<p>La secretaria del Departamento de Hacienda, Melba Acosta, present\u00f3 a la Legislatura una serie de enmiendas a la Ley que propicia el cobro del Impuesto a la Venta y Uso (IVU) por los productos para la reventa desde que entran a los muelles del pa\u00eds, entre las que resalta la posposici\u00f3n de la aplicaci\u00f3n de dicha medida por un mes.<\/p>\n<p>En una vista p\u00fablica efectuada el lunes en la C\u00e1mara de Representantes, Acosta explic\u00f3 la necesidad de que a la Ley 117 del 2013 se le introduzcan varias enmiendas &#8216;t\u00e9cnicas&#8217;, que ya fueron enviadas al Ejecutivo y que espera que est\u00e9 presente pr\u00f3ximamente a la Legislatura.<\/p>\n<p>Una de las enmiendas seria que la implantaci\u00f3n del cobro del IVU por los productos para la reventa se posponga para agosto de 2014. Inicialmente la legislaci\u00f3n deb\u00eda entrar en vigor el pr\u00f3ximo julio de 2014.<\/p>\n<p>A preguntas del representante Antonio Soto, Acosta apunt\u00f3 que si no se implementa el cobro del IVU en agosto y se vuelve a posponer para septiembre de 2014, esto tendr\u00eda un impacto para el fisco de $14 millones.<\/p>\n<p>Esto pudiera afectar la proyecci\u00f3n de recaudos del pr\u00f3ximo a\u00f1o fiscal, que ya se <a href=\"https:\/\/noticel.com\/en\/noticia\/161933\/hacienda-presenta-sus-parchos-para-el-presupuesto-ante-la-camara.html\/\">proyecta tenga una deficiencia de $100 millones<\/a>.<\/p>\n<p>Seg\u00fan la funcionaria, aunque la Legislatura demore en aprobar estas enmiendas, el Departamento de Hacienda podr\u00eda comenzar a cobrar el IVU en agosto, al introducir ajustes mediante la radicaci\u00f3n de Cartas Circulares. Al momento, afirma que ya cuentan con un Reglamento, que incluye lo relacionado al cobro del IVU en los muelles.<\/p><div class=\"notic-content-middle\" id=\"notic-3537879996\"><div class=\"notic-adlabel\">Advertisements<\/div><a data-no-instant=\"1\" href=\"https:\/\/qrco.de\/bgxd5v\" rel=\"noopener\" class=\"a2t-link\" target=\"_blank\" aria-label=\"DisplayAds-970&#215;2503\"><img loading=\"lazy\" decoding=\"async\" src=\"https:\/\/cdn.noticel.com\/2026\/09\/02201056\/DisplayAds-970x2503-1.jpg\" alt=\"\"  srcset=\"https:\/\/cdn.noticel.com\/2026\/09\/02201056\/DisplayAds-970x2503-1.jpg 970w, https:\/\/cdn.noticel.com\/2026\/09\/02201056\/DisplayAds-970x2503-1-300x77.jpg 300w, https:\/\/cdn.noticel.com\/2026\/09\/02201056\/DisplayAds-970x2503-1-768x198.jpg 768w, https:\/\/cdn.noticel.com\/2026\/09\/02201056\/DisplayAds-970x2503-1-18x5.jpg 18w\" sizes=\"(max-width: 970px) 100vw, 970px\" width=\"970\" height=\"250\"   \/><\/a><\/div>\n<p>Otra de las enmiendas es que se elimine de la Secci\u00f3n relacionada a los arbitrios, lo que tiene que ver con la Declaraci\u00f3n del Impuesto de Uso para los importadores y la excepci\u00f3n de que los importadores afianzados puedan incluir en su planilla mensual del IVU, las partidas sujetas al pago del impuesto sobre uso.<\/p>\n<p>De otro lado, Acosta propone nuevas definiciones o modificaciones de t\u00e9rminos relacionados a la implantaci\u00f3n de dicho proyecto.<\/p>\n<p>Asimismo, recomienda que se le a\u00f1ada una exenci\u00f3n para que las bebidas alcoh\u00f3licas que se encuentren en un almac\u00e9n de adeudo debido a que el producto est\u00e1 en tr\u00e1nsito, seria exportado o es para consumo, no tengan que pagar el IVU si cumplen con ciertos requisitos.<\/p>\n<p>Igualmente, se incluir\u00eda una exenci\u00f3n del pago del IVU a los agricultores bonafides.<\/p>\n<p>Entre otras enmiendas, se plantean el establecimiento de controles para la otorgaci\u00f3n de cr\u00e9dito a los revendedores, a quienes se les requerir\u00eda un Certificado de Compras Exentas y para la Reventa. El certificado de revendedor eximir\u00e1 el cobro del 1% del IVU municipal.<\/p>\n<p>En las enmiendas tambi\u00e9n se contemplan la imposici\u00f3n de multas administrativas por el levante de mercanc\u00eda de manera indebida y penalidades por dejar de rendir las planillas mensuales del IVU, entre otros incumplimientos.<\/p>","protected":false},"excerpt":{"rendered":"<p>La secretaria del Departamento de Hacienda, Melba Acosta, present\u00f3 a la Legislatura una serie de enmiendas a la Ley que propicia el cobro del Impuesto a la Venta y Uso (IVU) por los productos para la reventa desde que entran a los muelles del pa\u00eds, entre las que resalta la posposici\u00f3n de la aplicaci\u00f3n de [&hellip;]<\/p>","protected":false},"author":0,"featured_media":877773,"comment_status":"closed","ping_status":"closed","sticky":false,"template":"","format":"standard","meta":{"_acf_changed":false,"_monsterinsights_skip_tracking":false,"ep_exclude_from_search":false,"footnotes":""},"categories":[2],"tags":[],"class_list":["post-55556","post","type-post","status-publish","format-standard","has-post-thumbnail","hentry","category-ultima-hora"],"acf":[],"aioseo_notices":[],"_links":{"self":[{"href":"https:\/\/noticel.com\/en\/wp-json\/wp\/v2\/posts\/55556","targetHints":{"allow":["GET"]}}],"collection":[{"href":"https:\/\/noticel.com\/en\/wp-json\/wp\/v2\/posts"}],"about":[{"href":"https:\/\/noticel.com\/en\/wp-json\/wp\/v2\/types\/post"}],"replies":[{"embeddable":true,"href":"https:\/\/noticel.com\/en\/wp-json\/wp\/v2\/comments?post=55556"}],"version-history":[{"count":1,"href":"https:\/\/noticel.com\/en\/wp-json\/wp\/v2\/posts\/55556\/revisions"}],"predecessor-version":[{"id":877797,"href":"https:\/\/noticel.com\/en\/wp-json\/wp\/v2\/posts\/55556\/revisions\/877797"}],"wp:featuredmedia":[{"embeddable":true,"href":"https:\/\/noticel.com\/en\/wp-json\/wp\/v2\/media\/877773"}],"wp:attachment":[{"href":"https:\/\/noticel.com\/en\/wp-json\/wp\/v2\/media?parent=55556"}],"wp:term":[{"taxonomy":"category","embeddable":true,"href":"https:\/\/noticel.com\/en\/wp-json\/wp\/v2\/categories?post=55556"},{"taxonomy":"post_tag","embeddable":true,"href":"https:\/\/noticel.com\/en\/wp-json\/wp\/v2\/tags?post=55556"}],"curies":[{"name":"wp","href":"https:\/\/api.w.org\/{rel}","templated":true}]}}