{"id":55415,"date":"2014-10-29T00:00:00","date_gmt":"2014-10-29T04:00:00","guid":{"rendered":"http:\/\/www.noticel.com\/economia\/20141029\/secretario-de-la-gobernacion-y-pierluisi-inician-disputa-por-el-iva\/"},"modified":"2025-08-17T18:33:05","modified_gmt":"2025-08-17T18:33:05","slug":"secretario-de-la-gobernacion-y-pierluisi-inician-disputa-por-el-iva","status":"publish","type":"post","link":"https:\/\/noticel.com\/en\/economia\/20141029\/secretario-de-la-gobernacion-y-pierluisi-inician-disputa-por-el-iva\/","title":{"rendered":"Secretario de la Gobernaci\u00f3n y Pierluisi inician disputa por el IVA"},"content":{"rendered":"<p>El presidente del Partido Nuevo Progresista, Pedro Pierluisi, dijo el miercoles que su objeci\u00f3n a la posible implantaci\u00f3n en Puerto Rico de un Impuesto al Valor A\u00f1adido (IVA) no tiene que ver con su preferencia de status sino a los problemas de ejecuci\u00f3n que a su juicio tiene la presente administraci\u00f3n. Mientras, el Secretario de la Gobernaci\u00f3n, lo acus\u00f3 de rechazar una Reforma Contributiva que significar\u00e1 m\u00e1s dinero para la clase trabajadora.<\/p>\n<p>&#8216;Esto no es cuesti\u00f3n de venir con un nuevo plan. T\u00fa tienes que tener habilidad de ejecutar. Y esta administraci\u00f3n no lo ha demostrado hasta el d\u00eda de hoy&#8217;, dijo el tambi\u00e9n comisionado residente en conferencia de prensa.<\/p>\n<p>&#8216;Es lamentable escuchar al Comisionado Residente en Washington, oponerse a que m\u00e1s de 800,000 puertorrique\u00f1os no tengan que radicar planillas y vean un aumento autom\u00e1tico en sus cheques. La Reforma Contributiva revolucionaria que proponemos, es parte de un plan para sacar a Puerto Rico de la crisis que heredamos&#8217;, ripost\u00f3 el secretario de la Gobernaci\u00f3n, V\u00edctor Su\u00e1rez.<\/p>\n<p>Pierluisi insisti\u00f3 en que &#8216;el IVA nos va a llevar a la desgracia&#8217;. A lo que Su\u00e1rez, &#8216;Es una reforma contributiva que asegura un sistema m\u00e1s justo y sencillo para todos, y propiciar\u00e1 el que la gente de la clase trabajadora tenga m\u00e1s dinero. A esta reforma se opone Pedro Pierluisi, quien hoy una vez m\u00e1s se ubica al lado contrario de la gente&#8217;.<\/p><div class=\"notic-content-middle\" id=\"notic-1566145772\"><div class=\"notic-adlabel\">Advertisements<\/div><a data-no-instant=\"1\" href=\"https:\/\/www.asegurate-bien.com\/\" rel=\"noopener\" class=\"a2t-link\" target=\"_blank\" aria-label=\"Acodese-Adaptaciones-Noticel-970&#215;90\"><img loading=\"lazy\" decoding=\"async\" src=\"https:\/\/cdn.noticel.com\/2026\/07\/30100146\/Acodese-Adaptaciones-Noticel-970x90-1.jpg\" alt=\"\"  srcset=\"https:\/\/cdn.noticel.com\/2026\/07\/30100146\/Acodese-Adaptaciones-Noticel-970x90-1.jpg 970w, https:\/\/cdn.noticel.com\/2026\/07\/30100146\/Acodese-Adaptaciones-Noticel-970x90-1-300x28.jpg 300w, https:\/\/cdn.noticel.com\/2026\/07\/30100146\/Acodese-Adaptaciones-Noticel-970x90-1-768x71.jpg 768w, https:\/\/cdn.noticel.com\/2026\/07\/30100146\/Acodese-Adaptaciones-Noticel-970x90-1-18x2.jpg 18w\" sizes=\"(max-width: 970px) 100vw, 970px\" width=\"970\" height=\"90\"   \/><\/a><\/div>\n<p>&#8216;Ese 15 por ciento va a salir del bolsillo de nuestros consumidores, nuestra clase media trabajadora, y nuestros peque\u00f1os y medianos comerciantes&#8217;, indic\u00f3 Pierluisi.<\/p>\n<p>Sobre la posible reforma contributiva, Pierluisi advirti\u00f3 al gobernador Garc\u00eda Padilla y a su equipo &#8216;que dejen de improvisar, experimentar y enga\u00f1ar. Que alguien me diga cu\u00e1ndo Garc\u00eda Padilla o cualquier otro gobernador del PPD le ha dado un alivio contributivo a nuestro pueblo. Nunca lo han hecho, ni lo van a hacer&#8217;, sentenci\u00f3 el Presidente del PNP.<\/p>\n<p>&#8216;Con qu\u00e9 credibilidad prometen alivios contributivos cuando desde el primer d\u00eda han gastado de m\u00e1s, han revertido los alivios que se le hab\u00edan dado al sector privado en el cuatrienio anterior, se han inventado toda una serie de nuevos impuestos que han fastidiado nuestra econom\u00eda y vamos camino a un d\u00e9ficit de entre 500 y 800 millones de d\u00f3lares. El prop\u00f3sito real de la reforma contributiva que est\u00e1n discutiendo es sacarle 1000 millones de d\u00f3lares m\u00e1s a nuestra gente y a las empresas que generan los empleos que tanto necesitamos&#8217;, dijo Pierluisi.<\/p>\n<p>El tambi\u00e9n precandidato a la gobernaci\u00f3n insisti\u00f3 en su propuesta de mantener un presupuesto no mayor de 9,100 millones de d\u00f3lares y exigirle a cada agencia de gobierno una reducci\u00f3n de 6 por ciento en sus presupuestos.<\/p>","protected":false},"excerpt":{"rendered":"<p>El presidente del Partido Nuevo Progresista, Pedro Pierluisi, dijo el miercoles que su objeci\u00f3n a la posible implantaci\u00f3n en Puerto Rico de un Impuesto al Valor A\u00f1adido (IVA) no tiene que ver con su preferencia de status sino a los problemas de ejecuci\u00f3n que a su juicio tiene la presente administraci\u00f3n. Mientras, el Secretario de [&hellip;]<\/p>","protected":false},"author":0,"featured_media":861177,"comment_status":"closed","ping_status":"closed","sticky":false,"template":"","format":"standard","meta":{"_acf_changed":false,"_monsterinsights_skip_tracking":false,"ep_exclude_from_search":false,"footnotes":""},"categories":[22],"tags":[],"class_list":["post-55415","post","type-post","status-publish","format-standard","has-post-thumbnail","hentry","category-economia"],"acf":[],"aioseo_notices":[],"_links":{"self":[{"href":"https:\/\/noticel.com\/en\/wp-json\/wp\/v2\/posts\/55415","targetHints":{"allow":["GET"]}}],"collection":[{"href":"https:\/\/noticel.com\/en\/wp-json\/wp\/v2\/posts"}],"about":[{"href":"https:\/\/noticel.com\/en\/wp-json\/wp\/v2\/types\/post"}],"replies":[{"embeddable":true,"href":"https:\/\/noticel.com\/en\/wp-json\/wp\/v2\/comments?post=55415"}],"version-history":[{"count":1,"href":"https:\/\/noticel.com\/en\/wp-json\/wp\/v2\/posts\/55415\/revisions"}],"predecessor-version":[{"id":861219,"href":"https:\/\/noticel.com\/en\/wp-json\/wp\/v2\/posts\/55415\/revisions\/861219"}],"wp:featuredmedia":[{"embeddable":true,"href":"https:\/\/noticel.com\/en\/wp-json\/wp\/v2\/media\/861177"}],"wp:attachment":[{"href":"https:\/\/noticel.com\/en\/wp-json\/wp\/v2\/media?parent=55415"}],"wp:term":[{"taxonomy":"category","embeddable":true,"href":"https:\/\/noticel.com\/en\/wp-json\/wp\/v2\/categories?post=55415"},{"taxonomy":"post_tag","embeddable":true,"href":"https:\/\/noticel.com\/en\/wp-json\/wp\/v2\/tags?post=55415"}],"curies":[{"name":"wp","href":"https:\/\/api.w.org\/{rel}","templated":true}]}}