{"id":5532,"date":"2020-02-17T00:00:00","date_gmt":"2020-02-17T04:00:00","guid":{"rendered":"https:\/\/test.noticel.com\/ahora\/gobierno\/politica\/video\/20200217\/clinton-puerto-rico-se-debe-tratar-como-a-cualquier-otra-parte-de-estados\/"},"modified":"2025-07-20T12:46:05","modified_gmt":"2025-07-20T12:46:05","slug":"clinton-puerto-rico-se-debe-tratar-como-a-cualquier-otra-parte-de-estados","status":"publish","type":"post","link":"https:\/\/noticel.com\/en\/ultima-hora\/20200217\/clinton-puerto-rico-se-debe-tratar-como-a-cualquier-otra-parte-de-estados\/","title":{"rendered":"Clinton: &#8216;Puerto Rico se debe tratar como a cualquier otra parte de Estados"},"content":{"rendered":"<p><i>Bill Clinton lleg\u00f3 de visita a la isla<\/i><\/p><div class=\"notic-content-middle\" id=\"notic-2564063452\"><div class=\"notic-adlabel\">Advertisements<\/div><a data-no-instant=\"1\" href=\"https:\/\/qrco.de\/bgxd5v\" rel=\"noopener\" class=\"a2t-link\" target=\"_blank\" aria-label=\"DisplayAds-970&#215;2503\"><img loading=\"lazy\" decoding=\"async\" src=\"https:\/\/cdn.noticel.com\/2026\/09\/02201056\/DisplayAds-970x2503-1.jpg\" alt=\"\"  srcset=\"https:\/\/cdn.noticel.com\/2026\/09\/02201056\/DisplayAds-970x2503-1.jpg 970w, https:\/\/cdn.noticel.com\/2026\/09\/02201056\/DisplayAds-970x2503-1-300x77.jpg 300w, https:\/\/cdn.noticel.com\/2026\/09\/02201056\/DisplayAds-970x2503-1-768x198.jpg 768w, https:\/\/cdn.noticel.com\/2026\/09\/02201056\/DisplayAds-970x2503-1-18x5.jpg 18w\" sizes=\"(max-width: 970px) 100vw, 970px\" width=\"970\" height=\"250\"   \/><\/a><\/div>\n<p>El expresidente de Estados Unidos, Bill Clinton, visit\u00f3 hoylunes la Fundaci\u00f3n Caras Con Causa, donde tambi\u00e9n se expres\u00f3 sobre temas como fondos federales de recuperaci\u00f3n y las medidas tomadas por el presidente Donald Trumppara asignar estos a Puerto Rico.<\/p>\n<p><iframe loading=\"lazy\" title=\"Clinton: &quot;Puerto Rico se debe tratar como a cualquier otra parte de Estados Unidos&quot;\" width=\"500\" height=\"281\" src=\"https:\/\/www.youtube.com\/embed\/3GUxjH4tqDc?feature=oembed\" frameborder=\"0\" allow=\"accelerometer; autoplay; clipboard-write; encrypted-media; gyroscope; picture-in-picture; web-share\" referrerpolicy=\"strict-origin-when-cross-origin\" allowfullscreen><\/iframe><\/p>","protected":false},"excerpt":{"rendered":"<p>Bill Clinton lleg\u00f3 de visita a la isla El expresidente de Estados Unidos, Bill Clinton, visit\u00f3 hoylunes la Fundaci\u00f3n Caras Con Causa, donde tambi\u00e9n se expres\u00f3 sobre temas como fondos federales de recuperaci\u00f3n y las medidas tomadas por el presidente Donald Trumppara asignar estos a Puerto Rico.<\/p>","protected":false},"author":0,"featured_media":537653,"comment_status":"closed","ping_status":"closed","sticky":false,"template":"","format":"standard","meta":{"_acf_changed":false,"_monsterinsights_skip_tracking":false,"ep_exclude_from_search":false,"footnotes":""},"categories":[4,7,2,61],"tags":[],"class_list":["post-5532","post","type-post","status-publish","format-standard","has-post-thumbnail","hentry","category-gobierno","category-politica","category-ultima-hora","category-video"],"acf":[],"aioseo_notices":[],"_links":{"self":[{"href":"https:\/\/noticel.com\/en\/wp-json\/wp\/v2\/posts\/5532","targetHints":{"allow":["GET"]}}],"collection":[{"href":"https:\/\/noticel.com\/en\/wp-json\/wp\/v2\/posts"}],"about":[{"href":"https:\/\/noticel.com\/en\/wp-json\/wp\/v2\/types\/post"}],"replies":[{"embeddable":true,"href":"https:\/\/noticel.com\/en\/wp-json\/wp\/v2\/comments?post=5532"}],"version-history":[{"count":1,"href":"https:\/\/noticel.com\/en\/wp-json\/wp\/v2\/posts\/5532\/revisions"}],"predecessor-version":[{"id":537654,"href":"https:\/\/noticel.com\/en\/wp-json\/wp\/v2\/posts\/5532\/revisions\/537654"}],"wp:featuredmedia":[{"embeddable":true,"href":"https:\/\/noticel.com\/en\/wp-json\/wp\/v2\/media\/537653"}],"wp:attachment":[{"href":"https:\/\/noticel.com\/en\/wp-json\/wp\/v2\/media?parent=5532"}],"wp:term":[{"taxonomy":"category","embeddable":true,"href":"https:\/\/noticel.com\/en\/wp-json\/wp\/v2\/categories?post=5532"},{"taxonomy":"post_tag","embeddable":true,"href":"https:\/\/noticel.com\/en\/wp-json\/wp\/v2\/tags?post=5532"}],"curies":[{"name":"wp","href":"https:\/\/api.w.org\/{rel}","templated":true}]}}