{"id":55307,"date":"2016-10-28T00:00:00","date_gmt":"2016-10-28T04:00:00","guid":{"rendered":"http:\/\/www.noticel.com\/deportes\/20161028\/turismo-se-convierte-en-patrocinador-principal-del-sevilla-fc\/"},"modified":"2025-07-28T14:36:12","modified_gmt":"2025-07-28T14:36:12","slug":"turismo-se-convierte-en-patrocinador-principal-del-sevilla-fc","status":"publish","type":"post","link":"https:\/\/noticel.com\/en\/deportes\/20161028\/turismo-se-convierte-en-patrocinador-principal-del-sevilla-fc\/","title":{"rendered":"Turismo se convierte en patrocinador principal del Sevilla FC"},"content":{"rendered":"<p>El Sevilla FC y la Compa\u00f1\u00eda de Turismo de Puerto Rico (CTPR) alcanzaron un acuerdo de patrocinio por el cu\u00e1l la CTPR se convierte en patrocinador principal del Sevilla FC, al adquirir el mayor conjunto de activos que la entidad hab\u00eda preparado para su comercializaci\u00f3n y reservaba hasta la fecha, esperando la llegada de una marca de amplio potencial.<\/p>\n<p>Este acuerdo permite que el Sevilla FC luzca el logo SeePuertoRico.com en el frontal de su camiseta desde este mismo s\u00e1bado en el encuentro que disputar\u00e1 en El Molin\u00f3n ante el Real Club Sporting de Gij\u00f3n.<\/p>\n<p><img decoding=\"async\" embed-content-articleid=\"609948163\" embed-content-groupid=\"593030475\" embed-content-id=\"609948163\" embed-content-index=\"0\" embed-content-type=\"PHOTO\" src=\"https:\/\/media.noticel.com\/o2com-noti-media-us-east-1\/photo\/2016\/10\/28\/ImagenCabeceraNoticia_8151179_ver1.0_320_240.jpg\"\/><\/p>\n<p><em>(Suministrada)<\/em><\/p>\n<p>&#8216;El Sevilla FC se complace gratamente por haber firmado este valioso acuerdo de patrocinio con un destino con el cu\u00e1l Espa\u00f1a y Andaluc\u00eda guardan estrechos e indiscutibles lazos hist\u00f3ricos. El presidente del Sevilla FC, Jos\u00e9 Castro, no puede ocultar la enorme satisfacci\u00f3n que hay en el club andaluz por el convenio logrado&#8217;, lee el comunicado de prensa enviado por Turismo.<\/p><div class=\"notic-content-middle\" id=\"notic-2922415706\"><div class=\"notic-adlabel\">Advertisements<\/div><a data-no-instant=\"1\" href=\"https:\/\/qrco.de\/bgxd5v\" rel=\"noopener\" class=\"a2t-link\" target=\"_blank\" aria-label=\"DisplayAd-970&#215;903\"><img loading=\"lazy\" decoding=\"async\" src=\"https:\/\/cdn.noticel.com\/2026\/09\/02200307\/DisplayAd-970x903-1.jpg\" alt=\"\"  srcset=\"https:\/\/cdn.noticel.com\/2026\/09\/02200307\/DisplayAd-970x903-1.jpg 970w, https:\/\/cdn.noticel.com\/2026\/09\/02200307\/DisplayAd-970x903-1-300x28.jpg 300w, https:\/\/cdn.noticel.com\/2026\/09\/02200307\/DisplayAd-970x903-1-768x71.jpg 768w, https:\/\/cdn.noticel.com\/2026\/09\/02200307\/DisplayAd-970x903-1-18x2.jpg 18w\" sizes=\"(max-width: 970px) 100vw, 970px\" width=\"970\" height=\"90\"   \/><\/a><\/div>\n<p>&#8216;Nos sentimos plenamente satisfechos por haber alcanzado un acuerdo de tama\u00f1a relevancia. Es sin duda el acuerdo de patrocinio m\u00e1s importante firmado por el Sevilla FC en sus 126 a\u00f1os de historia. Es un orgullo ser desde ahora embajadores de Puerto Rico en Espa\u00f1a y el mundo, una tierra tan c\u00e1lida como atractiva para sus visitantes. Estoy absolutamente convencido de que contribuiremos al crecimiento tur\u00edstico de Puerto Rico con el impacto y reconocimiento mundial de nuestra marca. Turismo de Puerto Rico a\u00fana todas las condiciones y valores que dese\u00e1bamos sumar al Sevilla FC actual. Una reputada marca tur\u00edstica internacional, con la que poder crecer y enriquecernos mutuamente&#8217;, destac\u00f3 Castro.<\/p>\n<p>Sobre este acuerdo, la directora ejecutiva de la Compa\u00f1\u00eda de Turismo de Puerto Rico, Ingrid I. Rivera Rocafort, apunt\u00f3 que &#8216;en la Compa\u00f1\u00eda de Turismo estamos muy orgullosos de lograr lo que entendemos ser\u00e1 uno de las alianzas m\u00e1s importantes que Puerto Rico haya tenido en los \u00faltimos a\u00f1os. El Sevilla FC es uno de los equipos de f\u00fatbol m\u00e1s importantes a nivel mundial con espectadores en Estados Unidos, Am\u00e9rica Latina, Europa y Asia, lo cual coloca a Puerto Rico a un alcance internacional sin precedentes. Estamos seguros que esta alianza redundar\u00e1 en un aumento significativo de visitantes a la Isla y m\u00e1s a\u00fan la oportunidad potencial de inversionistas a Puerto Rico, no s\u00f3lo de Espa\u00f1a sino a nivel mundial, lo que representar\u00e1 una gran aportaci\u00f3n al desarrollo econ\u00f3mico de la Isla&#8217;.<\/p>\n<p>El Sevilla FC es cinco veces campe\u00f3n de la UEFA Europa League, tres de ellas de forma consecutiva en las tres \u00faltimas campa\u00f1as -13\/14, 14\/15 y 15\/16-, hitos hist\u00f3ricos que incluso le han valido el reconocimiento reciente de dos Guinness World Record.<\/p>\n<p>El Sevilla FC, actualmente segundo clasificado del campeonato espa\u00f1ol y d\u00e9cimo equipo con mejor coeficiente UEFA, ha conquistado en la \u00faltima d\u00e9cada seis t\u00edtulos internacionales y tres nacionales, jugando 16 finales, todas<\/p>","protected":false},"excerpt":{"rendered":"<p>El Sevilla FC y la Compa\u00f1\u00eda de Turismo de Puerto Rico (CTPR) alcanzaron un acuerdo de patrocinio por el cu\u00e1l la CTPR se convierte en patrocinador principal del Sevilla FC, al adquirir el mayor conjunto de activos que la entidad hab\u00eda preparado para su comercializaci\u00f3n y reservaba hasta la fecha, esperando la llegada de una [&hellip;]<\/p>","protected":false},"author":0,"featured_media":600799,"comment_status":"closed","ping_status":"closed","sticky":false,"template":"","format":"standard","meta":{"_acf_changed":false,"_monsterinsights_skip_tracking":false,"ep_exclude_from_search":false,"footnotes":""},"categories":[31],"tags":[],"class_list":["post-55307","post","type-post","status-publish","format-standard","has-post-thumbnail","hentry","category-deportes"],"acf":[],"aioseo_notices":[],"_links":{"self":[{"href":"https:\/\/noticel.com\/en\/wp-json\/wp\/v2\/posts\/55307","targetHints":{"allow":["GET"]}}],"collection":[{"href":"https:\/\/noticel.com\/en\/wp-json\/wp\/v2\/posts"}],"about":[{"href":"https:\/\/noticel.com\/en\/wp-json\/wp\/v2\/types\/post"}],"replies":[{"embeddable":true,"href":"https:\/\/noticel.com\/en\/wp-json\/wp\/v2\/comments?post=55307"}],"version-history":[{"count":1,"href":"https:\/\/noticel.com\/en\/wp-json\/wp\/v2\/posts\/55307\/revisions"}],"predecessor-version":[{"id":600811,"href":"https:\/\/noticel.com\/en\/wp-json\/wp\/v2\/posts\/55307\/revisions\/600811"}],"wp:featuredmedia":[{"embeddable":true,"href":"https:\/\/noticel.com\/en\/wp-json\/wp\/v2\/media\/600799"}],"wp:attachment":[{"href":"https:\/\/noticel.com\/en\/wp-json\/wp\/v2\/media?parent=55307"}],"wp:term":[{"taxonomy":"category","embeddable":true,"href":"https:\/\/noticel.com\/en\/wp-json\/wp\/v2\/categories?post=55307"},{"taxonomy":"post_tag","embeddable":true,"href":"https:\/\/noticel.com\/en\/wp-json\/wp\/v2\/tags?post=55307"}],"curies":[{"name":"wp","href":"https:\/\/api.w.org\/{rel}","templated":true}]}}