{"id":55127,"date":"2014-07-04T00:00:00","date_gmt":"2014-07-04T04:00:00","guid":{"rendered":"http:\/\/www.noticel.com\/ahora\/20140704\/dedican-el-4-de-julio-a-los-borinqueneers-galeria\/"},"modified":"2025-08-18T09:54:27","modified_gmt":"2025-08-18T09:54:27","slug":"dedican-el-4-de-julio-a-los-borinqueneers-galeria","status":"publish","type":"post","link":"https:\/\/noticel.com\/en\/ultima-hora\/20140704\/dedican-el-4-de-julio-a-los-borinqueneers-galeria\/","title":{"rendered":"Dedican el 4 de julio a los &#8216;Borinqueneers&#8217; (galer\u00eda)"},"content":{"rendered":"<p>El patio interior del edificio de la Real Intendencia del Departamento de Estado en el Viejo San Juan, fue el escenario para los actos conmemorativos del doscientos treinta y ocho aniversario de la Declaraci\u00f3n de la Independencia de los Estados Unidos de America.<\/p>\n<p>La ceremonia fue dedicada este a\u00f1o al Regimiento 65 de Infanter\u00eda, mejor conocidos como los &#8216;Borinqueneers&#8217;, quienes recientemente recibieron la Medalla de Oro del Congreso de los Estados Unidos.<\/p>\n<p>&#8216;Los Borinqueneers al igual que quienes lucharon por la independencia de los Estados Unidos, abrazaron el cumplimiento del deber como causa de vida. Es la causa que hoy debe convocar a nuestro pueblo para enfrentar valientemente los retos que tienen ante s\u00ed&#8217;, expres\u00f3 el secretario de Estado David Bernier, quien fungi\u00f3 como orador principal de la ceremonia.<\/p>\n<p>El gobernador Alejandro Garc\u00eda Padilla y el secretario de Estado, entregaron la proclama conmemorativa al presidente de la Asociaci\u00f3n del Regimiento 65 de Infanter\u00eda, Javier Morales. Adem\u00e1s, otorgaron un certificado a cada uno de los homenajeados.<\/p><div class=\"notic-content-middle\" id=\"notic-3239179509\"><div class=\"notic-adlabel\">Advertisements<\/div><a data-no-instant=\"1\" href=\"https:\/\/www.asegurate-bien.com\/\" rel=\"noopener\" class=\"a2t-link\" target=\"_blank\" aria-label=\"Acodese-Adaptaciones-Noticel-300&#215;250\"><img loading=\"lazy\" decoding=\"async\" src=\"https:\/\/cdn.noticel.com\/2026\/05\/30094423\/Acodese-Adaptaciones-Noticel-300x250-1.jpg\" alt=\"\"  srcset=\"https:\/\/cdn.noticel.com\/2026\/05\/30094423\/Acodese-Adaptaciones-Noticel-300x250-1.jpg 300w, https:\/\/cdn.noticel.com\/2026\/05\/30094423\/Acodese-Adaptaciones-Noticel-300x250-1-14x12.jpg 14w\" sizes=\"(max-width: 300px) 100vw, 300px\" width=\"300\" height=\"250\"   \/><\/a><\/div>\n<p>Puerto Rico TV se une a este reconocimiento del gobierno de Puerto Rico, y contar\u00e1 con una edici\u00f3n especial de Noticias 24\/7 que incluir\u00e1 un conversatorio con la realizadora del documental &#8216;Los Borinque\u00f1os&#8217;, Noem\u00ed Figueroa Soulet, y cuatro distinguidos veteranos puertorrique\u00f1os: Sgto. 1ra Clase Germ\u00e1n Bravo (Ret.), Pedro Santana Camacho (Estrella de Plata), Jos\u00e9 Vicente Garc\u00eda (Estrella de Plata, Estrella de Bronce y Coraz\u00f3n P\u00farpura) y Pablo Delgado Medina.<\/p>\n<p>&#8216;Historias como la de nuestros &#8216;Borinqueneers&#8217; hablan de lo que verdaderamente somos como pueblo: luchadores, valientes, decididos en la adversidad. Nos enorgullece que sea la pantalla de Puerto Rico TV la que cuente su historia&#8217;, dijo Cecille Blondet Passalacqua, presidenta de la Corporaci\u00f3n de Puerto Rico para la Difusi\u00f3n P\u00fablica.<\/p>\n<p>El documental fue transmitido una vez concluyeron los actos oficiales y ser\u00e1 retransmitido a las 7:30 de la noche.<\/p>\n<p><img decoding=\"async\" embed-content-articleid=\"610555073\" embed-content-groupid=\"593030471\" embed-content-id=\"610555074\" embed-content-index=\"0\" embed-content-type=\"GALLERY\" src=\"https:\/\/media.noticel.com\/o2com-noti-media-us-east-1\/photo\/2014\/07\/04\/a072747b4d83f76b881c9649dc6b9ea5_8169402_ver1.0_320_240.jpg\"\/>\u00a0\u00a0\u00a0\u00a0\u00a0\u00a0\u00a0\u00a0\u00a0\u00a0\u00a0\u00a0\u00a0<\/p>","protected":false},"excerpt":{"rendered":"<p>El patio interior del edificio de la Real Intendencia del Departamento de Estado en el Viejo San Juan, fue el escenario para los actos conmemorativos del doscientos treinta y ocho aniversario de la Declaraci\u00f3n de la Independencia de los Estados Unidos de America. La ceremonia fue dedicada este a\u00f1o al Regimiento 65 de Infanter\u00eda, mejor [&hellip;]<\/p>","protected":false},"author":0,"featured_media":866788,"comment_status":"closed","ping_status":"closed","sticky":false,"template":"","format":"standard","meta":{"_acf_changed":false,"_monsterinsights_skip_tracking":false,"ep_exclude_from_search":false,"footnotes":""},"categories":[2],"tags":[],"class_list":["post-55127","post","type-post","status-publish","format-standard","has-post-thumbnail","hentry","category-ultima-hora"],"acf":[],"aioseo_notices":[],"_links":{"self":[{"href":"https:\/\/noticel.com\/en\/wp-json\/wp\/v2\/posts\/55127","targetHints":{"allow":["GET"]}}],"collection":[{"href":"https:\/\/noticel.com\/en\/wp-json\/wp\/v2\/posts"}],"about":[{"href":"https:\/\/noticel.com\/en\/wp-json\/wp\/v2\/types\/post"}],"replies":[{"embeddable":true,"href":"https:\/\/noticel.com\/en\/wp-json\/wp\/v2\/comments?post=55127"}],"version-history":[{"count":1,"href":"https:\/\/noticel.com\/en\/wp-json\/wp\/v2\/posts\/55127\/revisions"}],"predecessor-version":[{"id":868236,"href":"https:\/\/noticel.com\/en\/wp-json\/wp\/v2\/posts\/55127\/revisions\/868236"}],"wp:featuredmedia":[{"embeddable":true,"href":"https:\/\/noticel.com\/en\/wp-json\/wp\/v2\/media\/866788"}],"wp:attachment":[{"href":"https:\/\/noticel.com\/en\/wp-json\/wp\/v2\/media?parent=55127"}],"wp:term":[{"taxonomy":"category","embeddable":true,"href":"https:\/\/noticel.com\/en\/wp-json\/wp\/v2\/categories?post=55127"},{"taxonomy":"post_tag","embeddable":true,"href":"https:\/\/noticel.com\/en\/wp-json\/wp\/v2\/tags?post=55127"}],"curies":[{"name":"wp","href":"https:\/\/api.w.org\/{rel}","templated":true}]}}