{"id":54729,"date":"2012-05-04T00:00:00","date_gmt":"2012-05-04T04:00:00","guid":{"rendered":"http:\/\/www.noticel.com\/la-calle\/20120504\/federales-arrestan-a-cuatro-en-costco-de-rio-piedras\/"},"modified":"2025-08-28T20:22:30","modified_gmt":"2025-08-28T20:22:30","slug":"federales-arrestan-a-cuatro-en-costco-de-rio-piedras","status":"publish","type":"post","link":"https:\/\/noticel.com\/en\/noticias\/la-calle\/20120504\/federales-arrestan-a-cuatro-en-costco-de-rio-piedras\/","title":{"rendered":"Federales arrestan a cuatro en Costco de R\u00edo Piedras"},"content":{"rendered":"<p>Agentes de la Agencia de Inmigraci\u00f3n y Aduanas (ICE, por sus siglas en ingl\u00e9s), arrestaron la tarde del jueves a cuatro sujetos en el Costco de R\u00edo Piedras.<\/p>\n<p>Seg\u00fan trascendi\u00f3 uno de los sujetos detenidos era buscado por las autoridades federales. Los otros tres sujetos ser\u00edan interrogados.<\/p><div class=\"notic-content-middle\" id=\"notic-197624241\"><div class=\"notic-adlabel\">Advertisements<\/div><a data-no-instant=\"1\" href=\"https:\/\/www.asegurate-bien.com\/\" rel=\"noopener\" class=\"a2t-link\" target=\"_blank\" aria-label=\"Acodese-Adaptaciones-Noticel-728&#215;90\"><img loading=\"lazy\" decoding=\"async\" src=\"https:\/\/cdn.noticel.com\/2026\/07\/30095222\/Acodese-Adaptaciones-Noticel-728x90-1.jpg\" alt=\"\"  srcset=\"https:\/\/cdn.noticel.com\/2026\/07\/30095222\/Acodese-Adaptaciones-Noticel-728x90-1.jpg 728w, https:\/\/cdn.noticel.com\/2026\/07\/30095222\/Acodese-Adaptaciones-Noticel-728x90-1-300x37.jpg 300w, https:\/\/cdn.noticel.com\/2026\/07\/30095222\/Acodese-Adaptaciones-Noticel-728x90-1-18x2.jpg 18w\" sizes=\"(max-width: 728px) 100vw, 728px\" width=\"728\" height=\"90\"   \/><\/a><\/div>\n<p>El portavoz del ICE, Iv\u00e1n Ortiz, detall\u00f3 a los medios que los agentes de esa agencia acudieron al lugar, pues ten\u00edan informaci\u00f3n de que la persona que buscaban se encontraba en el estacionamiento de la tienda. Una vez el sujeto se percat\u00f3 de la presencia de los agentes, \u00e9ste se meti\u00f3 al almac\u00e9n del establecimiento.<\/p>\n<p>Por otra parte, se inform\u00f3 que en el establecimiento se vivieron momentos de tensi\u00f3n mientras la agencia federal realizaba el operativo e incursionaban dentro de la megatienda.<\/p>","protected":false},"excerpt":{"rendered":"<p>Agentes de la Agencia de Inmigraci\u00f3n y Aduanas (ICE, por sus siglas en ingl\u00e9s), arrestaron la tarde del jueves a cuatro sujetos en el Costco de R\u00edo Piedras. Seg\u00fan trascendi\u00f3 uno de los sujetos detenidos era buscado por las autoridades federales. Los otros tres sujetos ser\u00edan interrogados. El portavoz del ICE, Iv\u00e1n Ortiz, detall\u00f3 a [&hellip;]<\/p>","protected":false},"author":0,"featured_media":927427,"comment_status":"closed","ping_status":"closed","sticky":false,"template":"","format":"standard","meta":{"_acf_changed":false,"_monsterinsights_skip_tracking":false,"ep_exclude_from_search":false,"footnotes":""},"categories":[12],"tags":[],"class_list":["post-54729","post","type-post","status-publish","format-standard","has-post-thumbnail","hentry","category-la-calle"],"acf":[],"aioseo_notices":[],"_links":{"self":[{"href":"https:\/\/noticel.com\/en\/wp-json\/wp\/v2\/posts\/54729","targetHints":{"allow":["GET"]}}],"collection":[{"href":"https:\/\/noticel.com\/en\/wp-json\/wp\/v2\/posts"}],"about":[{"href":"https:\/\/noticel.com\/en\/wp-json\/wp\/v2\/types\/post"}],"replies":[{"embeddable":true,"href":"https:\/\/noticel.com\/en\/wp-json\/wp\/v2\/comments?post=54729"}],"version-history":[{"count":1,"href":"https:\/\/noticel.com\/en\/wp-json\/wp\/v2\/posts\/54729\/revisions"}],"predecessor-version":[{"id":927454,"href":"https:\/\/noticel.com\/en\/wp-json\/wp\/v2\/posts\/54729\/revisions\/927454"}],"wp:featuredmedia":[{"embeddable":true,"href":"https:\/\/noticel.com\/en\/wp-json\/wp\/v2\/media\/927427"}],"wp:attachment":[{"href":"https:\/\/noticel.com\/en\/wp-json\/wp\/v2\/media?parent=54729"}],"wp:term":[{"taxonomy":"category","embeddable":true,"href":"https:\/\/noticel.com\/en\/wp-json\/wp\/v2\/categories?post=54729"},{"taxonomy":"post_tag","embeddable":true,"href":"https:\/\/noticel.com\/en\/wp-json\/wp\/v2\/tags?post=54729"}],"curies":[{"name":"wp","href":"https:\/\/api.w.org\/{rel}","templated":true}]}}